{"id":51,"date":"2008-06-29T21:19:35","date_gmt":"2008-06-29T18:19:35","guid":{"rendered":"http:\/\/blog.nicuilie.eu\/?p=51"},"modified":"2008-06-29T21:19:35","modified_gmt":"2008-06-29T18:19:35","slug":"legea-funar-ghise-inspirata-de-literatura-de-borduar","status":"publish","type":"post","link":"https:\/\/wansait.com\/nicuilie\/legea-funar-ghise-inspirata-de-literatura-de-borduar\/","title":{"rendered":"Legea Funar-Ghise, inspirata de literatura de borduar"},"content":{"rendered":"<p>Legea stitilor pozitive, sau legea stirilor negative, depinde cat de optimist esti, si-a capatat deja numele de &#8222;legea fifty-fifty&#8221; si a cam fost demolata de catre toti cei care n-au votat-o. Jurnalistul Vlad Petreanu adauga opiniei generale (complet negativa, nu jumate-jumate) si o scurta investigatie prin care vede ce lecturi suplimentare au inspirat respectiva lege. Autorii indicasera agentiei Mediafax ca s-au bazat pe doua studii ale unor savanti occidentali. Cercetate, studiile se dovedesc a fi simple brosuri de &#8222;cum sa&#8230;&#8221;, iar titlul mot-a-mot al uneia dintre ele este &#8222;Cat de plina ti-e galeata?&#8221;. Articolul complet, si mult mai amuzant, pe blogul jurnalistului: <a title=\"Permanent Link to Legea jumi-juma: o documenta?ie de doi bani\" rel=\"bookmark\" href=\"http:\/\/www.petreanu.ro\/2008\/06\/legea-jumi-juma-o-documentatie-de-doi-bani\/\" target=\"_blank\">Legea jumi-juma: o documenta?ie de doi bani<\/a>.<\/p>\n<p>Aceasta fiind informatia, mai ramane sa ne intrebam doar daca ea reprezinta o stire negativa (ca parlamentarii vor vota in curand legi inspirate de cartile de desenat) sau una pozitiva (ca Funar si Ghise nu au inventat nume de autori, ci au citat chiar titluri de pe taraba; de pe un anumit colt al ei).<\/p>\n<p>In curand, vom avea Noul Cod al Familiei, inspirat de Sandra Brown.<\/p>\n","protected":false},"excerpt":{"rendered":"<p>Legea stitilor pozitive, sau legea stirilor negative, depinde cat de optimist esti, si-a capatat deja numele de &#8222;legea fifty-fifty&#8221; si a cam fost demolata de catre toti cei care n-au votat-o. Jurnalistul Vlad Petreanu adauga opiniei generale (complet negativa, nu jumate-jumate) si o scurta investigatie prin care vede ce lecturi suplimentare au inspirat respectiva lege. Autorii indicasera agentiei Mediafax ca [&hellip;]<\/p>\n","protected":false},"author":2,"featured_media":0,"comment_status":"open","ping_status":"open","sticky":false,"template":"","format":"standard","meta":{"_monsterinsights_skip_tracking":false,"_monsterinsights_sitenote_active":false,"_monsterinsights_sitenote_note":"","_monsterinsights_sitenote_category":0,"advanced_seo_description":"","jetpack_seo_html_title":"","jetpack_seo_noindex":false,"_jetpack_memberships_contains_paid_content":false,"footnotes":""},"categories":[10],"tags":[857,1577,1682,2048,2100,2101,2103,2691,2850,2963,3280,3345],"class_list":["post-51","post","type-post","status-publish","format-standard","hentry","category-pe_deasupra","tag-codul-familiei","tag-funar","tag-ghise","tag-jurnal-tv","tag-legea-fifty-fifty","tag-legea-jumi-juma","tag-legea-presei","tag-parlament","tag-pnl","tag-prm","tag-sandra-brown","tag-senat"],"jetpack_featured_media_url":"","jetpack_sharing_enabled":true,"jetpack_shortlink":"https:\/\/wp.me\/pa83eN-P","jetpack-related-posts":[{"id":1205,"url":"https:\/\/wansait.com\/nicuilie\/masuri-antifumat-reale-in-europa\/","url_meta":{"origin":51,"position":0},"title":"Masuri antifumat reale in Europa","author":"Nicu Ilie","date":"octombrie 12, 2010","format":false,"excerpt":"wtf: uniunea europeana vrea sa introduca noi legi prin care sa descurajeze fumatul. La loc de frunte: toate pachetele trebuie sa arate la fel si pe ele sa fie amplasate desene despre cat de odios e sa fumezi. daca cineva ar fuma pachetul de la tigari, ar avea o noima\u2026","rel":"","context":"\u00cen \u201eUmor\u201d","block_context":{"text":"Umor","link":"https:\/\/wansait.com\/nicuilie\/category\/umor\/"},"img":{"alt_text":"","src":"","width":0,"height":0},"classes":[]},{"id":1360,"url":"https:\/\/wansait.com\/nicuilie\/sfat-dezinteresat-pentru-bogdan-hossu\/","url_meta":{"origin":51,"position":1},"title":"Sfat dezinteresat pentru Bogdan Hossu","author":"Nicu Ilie","date":"martie 4, 2011","format":false,"excerpt":"Daca vrea sa prinda deschiderea jurnalelor de stiri cu mitingurile sale contra noului Cod al Muncii, Bogdan Hossu ar trebui sa se culce cu Monica Columbeanu, sau macar cu Irinel. Daca nu face, in scurt timp, ceva sa lege manifestatiile de strada de numele celor doua hiper-vedete media, si in\u2026","rel":"","context":"\u00cen \u201ePe_deasupra\u201d","block_context":{"text":"Pe_deasupra","link":"https:\/\/wansait.com\/nicuilie\/category\/pe_deasupra\/"},"img":{"alt_text":"","src":"https:\/\/i0.wp.com\/nicuilie.regionis.info\/wp-content\/uploads\/2011\/03\/miting-baia-mare.jpg?resize=350%2C200","width":350,"height":200},"classes":[]},{"id":1325,"url":"https:\/\/wansait.com\/nicuilie\/dureri-de-cap-in-familia-mitrea\/","url_meta":{"origin":51,"position":2},"title":"Dureri de cap in familia Mitrea","author":"Nicu Ilie","date":"februarie 27, 2011","format":false,"excerpt":"Manuela Mitrea s-a lasat de fumat si, cu dureri de cap de la dependenta nesatisfacuta, nu mai vrea sa vada tigari \u00een tara. Informatia a fost produsa de Radu Mazare, c\u00e2ndva prieten bun cu familia Mitrea, dar care este acum indignat de initiativa colegei sale (a carei alegere \u00een Parlament,\u2026","rel":"","context":"\u00cen \u201ePoliticlinica\u201d","block_context":{"text":"Politiclinica","link":"https:\/\/wansait.com\/nicuilie\/category\/politica\/"},"img":{"alt_text":"","src":"https:\/\/i0.wp.com\/nicuilie.regionis.info\/wp-content\/uploads\/2011\/02\/maluela-mitrea.jpg?resize=350%2C200","width":350,"height":200,"srcset":"https:\/\/i0.wp.com\/nicuilie.regionis.info\/wp-content\/uploads\/2011\/02\/maluela-mitrea.jpg?resize=350%2C200 1x, https:\/\/i0.wp.com\/nicuilie.regionis.info\/wp-content\/uploads\/2011\/02\/maluela-mitrea.jpg?resize=525%2C300 1.5x"},"classes":[]},{"id":1180,"url":"https:\/\/wansait.com\/nicuilie\/sa-le-fie-rusine\/","url_meta":{"origin":51,"position":3},"title":"Sa le fie rusine!","author":"Nicu Ilie","date":"septembrie 21, 2010","format":false,"excerpt":"Am votat impotriva PSD pentru ca fura. Nu accept ca PDL sa faca la fel. Votul pe legea pensiilor (pe care o sustin) trebuie anulat iar legea retrimisa la vot. Roberta Anastase trebuie sa isi prezinte demisia. Nicio alta cale nu serveste tarii, oricat de vital ar fi reducerea deficitului\u2026","rel":"","context":"\u00cen \u201eSpun NU\u201d","block_context":{"text":"Spun NU","link":"https:\/\/wansait.com\/nicuilie\/category\/pamflet\/"},"img":{"alt_text":"","src":"","width":0,"height":0},"classes":[]},{"id":1185,"url":"https:\/\/wansait.com\/nicuilie\/sa-le-fie-rusine-update\/","url_meta":{"origin":51,"position":4},"title":"Sa le fie rusine UPDATE","author":"Nicu Ilie","date":"septembrie 28, 2010","format":false,"excerpt":"Am aflat si de ce nu au fost suficienti parlamentari la legea pensiilor: pentru ca era meci de Champions League. :)) :D ;D xo :0 :x ;o si toti ceilalti emoticoni care exprima uimirea, ciuda, furia Mama lor de microbisti! Au facut democratia la poshta si au distrus ultima farama\u2026","rel":"","context":"\u00cen \u201ePoliticlinica\u201d","block_context":{"text":"Politiclinica","link":"https:\/\/wansait.com\/nicuilie\/category\/politica\/"},"img":{"alt_text":"","src":"","width":0,"height":0},"classes":[]},{"id":425,"url":"https:\/\/wansait.com\/nicuilie\/in-timp-ce-a-fost-dezgropat-secuiul-razboiului\/","url_meta":{"origin":51,"position":5},"title":"In timp ce a fost dezgropat secuiul razboiului","author":"Nicu Ilie","date":"februarie 4, 2009","format":false,"excerpt":"Tocmai ati fost nationalizati, romani si maghiari deopotriva. Nu casa, oile si ogorul, ca pe timpul lui nea Nicu Ceausescu, ci ficatul, inima si rinichii, ca pe timpul lui nea Nicu Vacaroiu. Senatul tocmai trece peste o lege prin care oricine nu declara sus si tare si in scris ca\u2026","rel":"","context":"\u00cen \u201eUmor\u201d","block_context":{"text":"Umor","link":"https:\/\/wansait.com\/nicuilie\/category\/umor\/"},"img":{"alt_text":"","src":"","width":0,"height":0},"classes":[]}],"jetpack_likes_enabled":true,"_links":{"self":[{"href":"https:\/\/wansait.com\/nicuilie\/wp-json\/wp\/v2\/posts\/51","targetHints":{"allow":["GET"]}}],"collection":[{"href":"https:\/\/wansait.com\/nicuilie\/wp-json\/wp\/v2\/posts"}],"about":[{"href":"https:\/\/wansait.com\/nicuilie\/wp-json\/wp\/v2\/types\/post"}],"author":[{"embeddable":true,"href":"https:\/\/wansait.com\/nicuilie\/wp-json\/wp\/v2\/users\/2"}],"replies":[{"embeddable":true,"href":"https:\/\/wansait.com\/nicuilie\/wp-json\/wp\/v2\/comments?post=51"}],"version-history":[{"count":0,"href":"https:\/\/wansait.com\/nicuilie\/wp-json\/wp\/v2\/posts\/51\/revisions"}],"wp:attachment":[{"href":"https:\/\/wansait.com\/nicuilie\/wp-json\/wp\/v2\/media?parent=51"}],"wp:term":[{"taxonomy":"category","embeddable":true,"href":"https:\/\/wansait.com\/nicuilie\/wp-json\/wp\/v2\/categories?post=51"},{"taxonomy":"post_tag","embeddable":true,"href":"https:\/\/wansait.com\/nicuilie\/wp-json\/wp\/v2\/tags?post=51"}],"curies":[{"name":"wp","href":"https:\/\/api.w.org\/{rel}","templated":true}]}}