{"id":42,"date":"2008-06-22T17:11:10","date_gmt":"2008-06-22T14:11:10","guid":{"rendered":"http:\/\/blog.nicuilie.eu\/?p=42"},"modified":"2008-06-22T17:11:10","modified_gmt":"2008-06-22T14:11:10","slug":"laureatii-nobel-in-romania","status":"publish","type":"post","link":"https:\/\/wansait.com\/nicuilie\/laureatii-nobel-in-romania\/","title":{"rendered":"Laureatii Nobel, in Romania"},"content":{"rendered":"<p>Radio Romania Cultural, prin intermediul siteului <a href=\"http:\/\/nobel.radiocultura.ro\/\" target=\"_blank\">nobel.radiocultura.ro<\/a>, va prilejuieste o intalnire cu multi dintre laureatii premiilor Nobel. Principalul realizator al siteului este jurnalistul Corina Negrea, cea care a fost prezenta in Suedia si Norvegia la ceremoniile Nobel din ultimii zece ani si a realizat interviuri in exclusivitate cu multi dintre laureati. Pe langa aceste interviuri, prezentate in format sunet sau in transcript, siteul va ofera si o galerie foto, scurte prezentari ale tuturor laureatilor, precum si un mare numar de emisiuni realizate de Radio Romania Cultural si prezentate in exclusivitate pe acest site.<\/p>\n<p>Sunt mandru sa ma laud ca solutia tehnica de webdesign a fost oferita de firma mea, Dobreperun Media.<\/p>\n","protected":false},"excerpt":{"rendered":"<p>Radio Romania Cultural, prin intermediul siteului nobel.radiocultura.ro, va prilejuieste o intalnire cu multi dintre laureatii premiilor Nobel. Principalul realizator al siteului este jurnalistul Corina Negrea, cea care a fost prezenta in Suedia si Norvegia la ceremoniile Nobel din ultimii zece ani si a realizat interviuri in exclusivitate cu multi dintre laureati. Pe langa aceste interviuri, prezentate in format sunet sau [&hellip;]<\/p>\n","protected":false},"author":2,"featured_media":0,"comment_status":"open","ping_status":"open","sticky":false,"template":"","format":"standard","meta":{"_monsterinsights_skip_tracking":false,"_monsterinsights_sitenote_active":false,"_monsterinsights_sitenote_note":"","_monsterinsights_sitenote_category":0,"advanced_seo_description":"","jetpack_seo_html_title":"","jetpack_seo_noindex":false,"_jetpack_memberships_contains_paid_content":false,"footnotes":""},"categories":[10],"tags":[910,1057,1245,1246,1384,1546,1602,1928,2518,2556,2557,2558,2921,3041,3043,3403,3545,3946],"class_list":["post-42","post","type-post","status-publish","format-standard","hentry","category-pe_deasupra","tag-conferinte-de-presa","tag-cultural","tag-dobreperun","tag-dobreperun-media","tag-emisiuni-online","tag-foto","tag-galerie-foto","tag-interviuri","tag-negrea","tag-nobel","tag-nobel-prise","tag-nobel-radiocultura","tag-premiile-nobel","tag-radio-romania","tag-radiocultura","tag-site","tag-suedia","tag-webdesign"],"jetpack_featured_media_url":"","jetpack_sharing_enabled":true,"jetpack_shortlink":"https:\/\/wp.me\/pa83eN-G","jetpack-related-posts":[{"id":390,"url":"https:\/\/wansait.com\/nicuilie\/despre-acest-blog-pe-tehnocrati\/","url_meta":{"origin":42,"position":0},"title":"Despre acest blog pe Tehnocrati","author":"Nicu Ilie","date":"ianuarie 22, 2009","format":false,"excerpt":"arta.nicuilie.euBlogroll Art.nicuilie.eu Blog.nicuilie.eu Blogul emisiunii NRV Blogul Revistei Cultura Cultural learnings from Romania Film.nicuilie.eu Ghimpele Nicu Ilie Optzile.com Premiul Nobel uninominal.regionis.info Uninominalul, primul pas spre Anticipate Top siteuri de campanie Presa, prostituata de pe genunchii oligarhilor Ce are marirea penisului cu\u2026 Tariceanu Numai 1% din candidati vor fi realmente alesi\u2026","rel":"","context":"\u00cen \u201ePe_deasupra\u201d","block_context":{"text":"Pe_deasupra","link":"https:\/\/wansait.com\/nicuilie\/category\/pe_deasupra\/"},"img":{"alt_text":"","src":"","width":0,"height":0},"classes":[]},{"id":1019,"url":"https:\/\/wansait.com\/nicuilie\/mari-bloggeri-ai-tarii-catalin-sturza\/","url_meta":{"origin":42,"position":1},"title":"Mari bloggeri ai tarii: Catalin Sturza","author":"Nicu Ilie","date":"mai 7, 2010","format":false,"excerpt":"O cronica a blogurilor lui Catalin Sturza nu e ceva nou pe vreunul din blogurile mele. Am mai scris despre el pe vremea cand era un blogger activ, nu ca acum, cand posteaza un articol de Pasti, unul de Inaltare (nu stiu prea bine cand pica, insa cred ca n-a\u2026","rel":"","context":"\u00cen \u201eBlogosfera\u201d","block_context":{"text":"Blogosfera","link":"https:\/\/wansait.com\/nicuilie\/category\/blogosfera\/"},"img":{"alt_text":"","src":"https:\/\/i0.wp.com\/wansait.com\/nicuilie\/wp-content\/uploads\/2011\/07\/DSC04338.jpg?resize=350%2C200&ssl=1","width":350,"height":200,"srcset":"https:\/\/i0.wp.com\/wansait.com\/nicuilie\/wp-content\/uploads\/2011\/07\/DSC04338.jpg?resize=350%2C200&ssl=1 1x, https:\/\/i0.wp.com\/wansait.com\/nicuilie\/wp-content\/uploads\/2011\/07\/DSC04338.jpg?resize=525%2C300&ssl=1 1.5x, https:\/\/i0.wp.com\/wansait.com\/nicuilie\/wp-content\/uploads\/2011\/07\/DSC04338.jpg?resize=700%2C400&ssl=1 2x, https:\/\/i0.wp.com\/wansait.com\/nicuilie\/wp-content\/uploads\/2011\/07\/DSC04338.jpg?resize=1050%2C600&ssl=1 3x, https:\/\/i0.wp.com\/wansait.com\/nicuilie\/wp-content\/uploads\/2011\/07\/DSC04338.jpg?resize=1400%2C800&ssl=1 4x"},"classes":[]},{"id":1202,"url":"https:\/\/wansait.com\/nicuilie\/despre-cum-nu-e-cu-putinta-nimic-nou\/","url_meta":{"origin":42,"position":2},"title":"Despre cum nu e cu putinta nimic nou","author":"Nicu Ilie","date":"octombrie 9, 2010","format":false,"excerpt":"...cel putin in politica. Mi-am amintit de Barak Obama si premiul Nobel. Ce reformator era acum un an Obama! Cate sperante se legau de el! Cum ii copiau toti candidatii la presedintie, prin alte tari, sloganul! Barak-speranta! Barak-novatorul! Barakreforma. Basescu a fost si el alt Obama. Nu in ultimele alegeri,\u2026","rel":"","context":"\u00cen \u201ePe_deasupra\u201d","block_context":{"text":"Pe_deasupra","link":"https:\/\/wansait.com\/nicuilie\/category\/pe_deasupra\/"},"img":{"alt_text":"","src":"","width":0,"height":0},"classes":[]},{"id":3313,"url":"https:\/\/wansait.com\/nicuilie\/silviupurcarete-art-site-dedicat-regizorului-silviu-purcarete\/","url_meta":{"origin":42,"position":3},"title":"SilviuPurc\u0103rete.art &#8211; site dedicat regizorului Silviu Purc\u0103rete","author":"Nicu Ilie","date":"septembrie 13, 2024","format":false,"excerpt":"Suntem la zile distan\u021b\u0103 de lansarea siteu-lui dedicat regizorului Silviu Purc\u0103rete. Activitatea sa, de-a dreptul legendar\u0103, cu spectacole uluitoare montate \u00een numeroase teatre din Rom\u00e2nia, Fran\u021ba sau Japonia, a putut fi rezumat\u0103 \u00een c\u00e2teva pagini ale unui nu mai pu\u021bin spectaculos site. Proiectul de a realiza un site dedicat operei\u2026","rel":"","context":"\u00cen \u201eWork in progress\u201d","block_context":{"text":"Work in progress","link":"https:\/\/wansait.com\/nicuilie\/category\/work-in-progress\/"},"img":{"alt_text":"","src":"https:\/\/i0.wp.com\/wansait.com\/nicuilie\/wp-content\/uploads\/2024\/09\/LowRes-sign%C2%A9PeterUhan_0792.webp?resize=350%2C200&ssl=1","width":350,"height":200,"srcset":"https:\/\/i0.wp.com\/wansait.com\/nicuilie\/wp-content\/uploads\/2024\/09\/LowRes-sign%C2%A9PeterUhan_0792.webp?resize=350%2C200&ssl=1 1x, https:\/\/i0.wp.com\/wansait.com\/nicuilie\/wp-content\/uploads\/2024\/09\/LowRes-sign%C2%A9PeterUhan_0792.webp?resize=525%2C300&ssl=1 1.5x, https:\/\/i0.wp.com\/wansait.com\/nicuilie\/wp-content\/uploads\/2024\/09\/LowRes-sign%C2%A9PeterUhan_0792.webp?resize=700%2C400&ssl=1 2x"},"classes":[]},{"id":1569,"url":"https:\/\/wansait.com\/nicuilie\/graficante-reloaded\/","url_meta":{"origin":42,"position":4},"title":"Graficante Reloaded","author":"Nicu Ilie","date":"martie 31, 2010","format":false,"excerpt":"Siteul firmei Graficante a intinerit ieri cu 15 ani. Schimbarile au in vedere cresterea adresabilitatii siteului care se axeaza acum pe oferta pentru optimizarea siteurilor de companii. Asa cum recomanda si clientilor sai, Graficante Media, firma specializata in grafica digitala si publicitate online, a luat masura foarte importanta de a\u2026","rel":"","context":"\u00cen \u201ePe_deasupra\u201d","block_context":{"text":"Pe_deasupra","link":"https:\/\/wansait.com\/nicuilie\/category\/pe_deasupra\/"},"img":{"alt_text":"","src":"https:\/\/i0.wp.com\/www.nicuilie.eu\/wp-content\/uploads\/2010\/03\/graficanteh2jpg.jpg?resize=350%2C200","width":350,"height":200},"classes":[]},{"id":1442,"url":"https:\/\/wansait.com\/nicuilie\/caracal-locul-unde-s-a-rasturnat-carul-blindat-si-a-cazut-scutul-antiracheta\/","url_meta":{"origin":42,"position":5},"title":"Caracal &#8211; locul unde s-a rasturnat carul blindat si a cazut din cer scutul antiracheta","author":"Nicu Ilie","date":"mai 3, 2011","format":false,"excerpt":"O noua minune se adauga la cele clasice si nu chiar umoristice din Caracal: scutul antiracheta american de la Deveselu, din suburbiile orasului. Surse confidentiale din pentagon au declarat in exclusivitate pentru siteul www.nicuilie.eu ca sarcina principala a noului echipament militar va fi aceea de a apara uzina Ford din\u2026","rel":"","context":"\u00cen \u201eUmor\u201d","block_context":{"text":"Umor","link":"https:\/\/wansait.com\/nicuilie\/category\/umor\/"},"img":{"alt_text":"","src":"https:\/\/i0.wp.com\/nicuilie.regionis.info\/wp-content\/uploads\/2011\/05\/caracal-antiracheta-600x4621.jpg?resize=350%2C200","width":350,"height":200,"srcset":"https:\/\/i0.wp.com\/nicuilie.regionis.info\/wp-content\/uploads\/2011\/05\/caracal-antiracheta-600x4621.jpg?resize=350%2C200 1x, https:\/\/i0.wp.com\/nicuilie.regionis.info\/wp-content\/uploads\/2011\/05\/caracal-antiracheta-600x4621.jpg?resize=525%2C300 1.5x"},"classes":[]}],"jetpack_likes_enabled":true,"_links":{"self":[{"href":"https:\/\/wansait.com\/nicuilie\/wp-json\/wp\/v2\/posts\/42","targetHints":{"allow":["GET"]}}],"collection":[{"href":"https:\/\/wansait.com\/nicuilie\/wp-json\/wp\/v2\/posts"}],"about":[{"href":"https:\/\/wansait.com\/nicuilie\/wp-json\/wp\/v2\/types\/post"}],"author":[{"embeddable":true,"href":"https:\/\/wansait.com\/nicuilie\/wp-json\/wp\/v2\/users\/2"}],"replies":[{"embeddable":true,"href":"https:\/\/wansait.com\/nicuilie\/wp-json\/wp\/v2\/comments?post=42"}],"version-history":[{"count":0,"href":"https:\/\/wansait.com\/nicuilie\/wp-json\/wp\/v2\/posts\/42\/revisions"}],"wp:attachment":[{"href":"https:\/\/wansait.com\/nicuilie\/wp-json\/wp\/v2\/media?parent=42"}],"wp:term":[{"taxonomy":"category","embeddable":true,"href":"https:\/\/wansait.com\/nicuilie\/wp-json\/wp\/v2\/categories?post=42"},{"taxonomy":"post_tag","embeddable":true,"href":"https:\/\/wansait.com\/nicuilie\/wp-json\/wp\/v2\/tags?post=42"}],"curies":[{"name":"wp","href":"https:\/\/api.w.org\/{rel}","templated":true}]}}