{"id":3450,"date":"2025-08-05T12:39:36","date_gmt":"2025-08-05T09:39:36","guid":{"rendered":"https:\/\/wansait.com\/nicuilie\/?p=3450"},"modified":"2025-08-05T12:39:36","modified_gmt":"2025-08-05T09:39:36","slug":"o-imagine-cu-poluarea-face-cat-o-mie-de-cuvinte","status":"publish","type":"post","link":"https:\/\/wansait.com\/nicuilie\/o-imagine-cu-poluarea-face-cat-o-mie-de-cuvinte\/","title":{"rendered":"O imagine (cu poluarea) face c\u00e2t o mie de cuvinte"},"content":{"rendered":"\n<p>Nu am o certitudine c\u0103 \u00eenc\u0103lzirea global\u0103 e provocat\u0103 de poluare. (Sunt doar 99,9% sigur; \u00eenc\u0103 mai exist\u0103 loc de dovezi). \u00cens\u0103 imagini ca aceasta (Leicester anii 1950) cred c\u0103 nu ar trebui s\u0103 lase loc vreunei discu\u021bii c\u0103 trebuie s\u0103 ne comport\u0103m responsabil, s\u0103 protej\u0103m mediul, s\u0103 reducem poluarea.<br>Sigur, statele dezvoltate au o responsabilitate mai mare dec\u00e2t restul lumii, iar SUA mai presus de toate. \u00cens\u0103 \u00eemi amintesc o scurt\u0103 vizit\u0103 la Cop\u0219a acum mul\u021bi ani, c\u00e2nd am nimerit \u00eentr-un peisaj realmente apocaliptic. Imaginea din Leicester ar fi p\u0103rut luminoas\u0103 pe l\u00e2ng\u0103 cea\u021ba ro\u0219ie de acolo.\u00a0<\/p>\n","protected":false},"excerpt":{"rendered":"<p>Nu am o certitudine c\u0103 \u00eenc\u0103lzirea global\u0103 e provocat\u0103 de poluare. (Sunt doar 99,9% sigur; \u00eenc\u0103 mai exist\u0103 loc de dovezi). \u00cens\u0103 imagini ca aceasta (Leicester anii 1950) cred c\u0103 nu ar trebui s\u0103 lase loc vreunei discu\u021bii c\u0103 trebuie s\u0103 ne comport\u0103m responsabil, s\u0103 protej\u0103m mediul, s\u0103 reducem poluarea.Sigur, statele dezvoltate au o responsabilitate mai mare dec\u00e2t restul lumii, [&hellip;]<\/p>\n","protected":false},"author":1,"featured_media":3451,"comment_status":"open","ping_status":"open","sticky":false,"template":"","format":"standard","meta":{"_monsterinsights_skip_tracking":false,"_monsterinsights_sitenote_active":false,"_monsterinsights_sitenote_note":"","_monsterinsights_sitenote_category":0,"advanced_seo_description":"","jetpack_seo_html_title":"","jetpack_seo_noindex":false,"_jetpack_memberships_contains_paid_content":false,"footnotes":""},"categories":[10],"tags":[],"class_list":["post-3450","post","type-post","status-publish","format-standard","has-post-thumbnail","hentry","category-pe_deasupra"],"jetpack_featured_media_url":"https:\/\/wansait.com\/nicuilie\/wp-content\/uploads\/2025\/08\/leicester1950s.webp","jetpack_sharing_enabled":true,"jetpack_shortlink":"https:\/\/wp.me\/pa83eN-TE","jetpack-related-posts":[{"id":10,"url":"https:\/\/wansait.com\/nicuilie\/sectia-7-cna\/","url_meta":{"origin":3450,"position":0},"title":"Sectia 7 CNA","author":"Nicu Ilie","date":"iunie 7, 2008","format":false,"excerpt":"Blocaj in trafic in Colentina, pe Teiul Doamnei. Masinile nici nu se taraie, stau si stau la semafor, pentru ca oricum nu merge si circulatia e blocata de o asfalteuza din asta noua care strica sosele. Coada se intinde ceva, mult dincolo de sectia de politie de pe strada (Sectia\u2026","rel":"","context":"\u00cen \u201eUmor\u201d","block_context":{"text":"Umor","link":"https:\/\/wansait.com\/nicuilie\/category\/umor\/"},"img":{"alt_text":"","src":"","width":0,"height":0},"classes":[]},{"id":1725,"url":"https:\/\/wansait.com\/nicuilie\/va-e-teama-de-avion-ep-2-avionul-mi-e-groaza\/","url_meta":{"origin":3450,"position":1},"title":"Accidente aviatice si atentate teroriste","author":"Nicu Ilie","date":"august 20, 2007","format":false,"excerpt":"Ati supravietuit ambuteiajelor din Romana si Victoriei, ati trecut de semaforul din Baneasa, avionul nu este in intarziere si sunteti deja la bord. Este momentul sa va puneti \u201cadevaratele\u201d intrebari: nu aveti nici o fobie dar, in fine, nu sunteti nici complet sigur... Aceasta fisura, de exemplu, in plafon. Este\u2026","rel":"","context":"\u00cen \u201eDosar\u201d","block_context":{"text":"Dosar","link":"https:\/\/wansait.com\/nicuilie\/category\/dosar\/"},"img":{"alt_text":"","src":"https:\/\/i0.wp.com\/wansait.com\/nicuilie\/wp-content\/uploads\/2007\/08\/air-crash.jpg?resize=350%2C200&ssl=1","width":350,"height":200},"classes":[]},{"id":1379,"url":"https:\/\/wansait.com\/nicuilie\/televiziune-de-stiri-zero-imagini-mii-de-cuvinte\/","url_meta":{"origin":3450,"position":2},"title":"Televiziune de stiri: zero imagini, mii de cuvinte","author":"Nicu Ilie","date":"martie 15, 2011","format":false,"excerpt":"Mi-a picat sub ochi un clip de la Realitatea TV: \"o imagine face cat o mie de cuvinte\", spune Letitia Zaharia Adriana Nedelea in promo, repetand locul comun cel mai sablonard, dar vital, din teoria presei. Mai vazusem promo-ul, dar toate materialele de tipul asta sunt atat de plictisitoare si\u2026","rel":"","context":"\u00cen \u201eSpun NU\u201d","block_context":{"text":"Spun NU","link":"https:\/\/wansait.com\/nicuilie\/category\/pamflet\/"},"img":{"alt_text":"","src":"https:\/\/i0.wp.com\/wansait.com\/nicuilie\/wp-content\/uploads\/2011\/03\/canibalism-antena3-300x225.jpg?resize=350%2C200&ssl=1","width":350,"height":200},"classes":[]},{"id":3313,"url":"https:\/\/wansait.com\/nicuilie\/silviupurcarete-art-site-dedicat-regizorului-silviu-purcarete\/","url_meta":{"origin":3450,"position":3},"title":"SilviuPurc\u0103rete.art &#8211; site dedicat regizorului Silviu Purc\u0103rete","author":"Nicu Ilie","date":"septembrie 13, 2024","format":false,"excerpt":"Suntem la zile distan\u021b\u0103 de lansarea siteu-lui dedicat regizorului Silviu Purc\u0103rete. Activitatea sa, de-a dreptul legendar\u0103, cu spectacole uluitoare montate \u00een numeroase teatre din Rom\u00e2nia, Fran\u021ba sau Japonia, a putut fi rezumat\u0103 \u00een c\u00e2teva pagini ale unui nu mai pu\u021bin spectaculos site. Proiectul de a realiza un site dedicat operei\u2026","rel":"","context":"\u00cen \u201eWork in progress\u201d","block_context":{"text":"Work in progress","link":"https:\/\/wansait.com\/nicuilie\/category\/work-in-progress\/"},"img":{"alt_text":"","src":"https:\/\/i0.wp.com\/wansait.com\/nicuilie\/wp-content\/uploads\/2024\/09\/LowRes-sign%C2%A9PeterUhan_0792.webp?resize=350%2C200&ssl=1","width":350,"height":200,"srcset":"https:\/\/i0.wp.com\/wansait.com\/nicuilie\/wp-content\/uploads\/2024\/09\/LowRes-sign%C2%A9PeterUhan_0792.webp?resize=350%2C200&ssl=1 1x, https:\/\/i0.wp.com\/wansait.com\/nicuilie\/wp-content\/uploads\/2024\/09\/LowRes-sign%C2%A9PeterUhan_0792.webp?resize=525%2C300&ssl=1 1.5x, https:\/\/i0.wp.com\/wansait.com\/nicuilie\/wp-content\/uploads\/2024\/09\/LowRes-sign%C2%A9PeterUhan_0792.webp?resize=700%2C400&ssl=1 2x"},"classes":[]},{"id":1641,"url":"https:\/\/wansait.com\/nicuilie\/darul-nilului-turistul\/","url_meta":{"origin":3450,"position":4},"title":"Darul Nilului, turistul","author":"Nicu Ilie","date":"septembrie 28, 2011","format":false,"excerpt":"Am incercat sa-mi imaginez un loc in care sa te poti naste si sa implinesti acolo un 20-30 de ani fara a fi auzit de Egipt. Ma dau batut. In epoca noastra pare imposibil. Trebuie sa ma intorc in minte la pieile rosii, la hawaieni si la cei din Polinezia\u2026","rel":"","context":"\u00cen \u201eReportaj\u201d","block_context":{"text":"Reportaj","link":"https:\/\/wansait.com\/nicuilie\/category\/reportaj\/"},"img":{"alt_text":"","src":"https:\/\/i0.wp.com\/nicuilie.regionis.info\/wp-content\/uploads\/2011\/09\/nil-600x450.jpg?resize=350%2C200","width":350,"height":200,"srcset":"https:\/\/i0.wp.com\/nicuilie.regionis.info\/wp-content\/uploads\/2011\/09\/nil-600x450.jpg?resize=350%2C200 1x, https:\/\/i0.wp.com\/nicuilie.regionis.info\/wp-content\/uploads\/2011\/09\/nil-600x450.jpg?resize=525%2C300 1.5x"},"classes":[]},{"id":3446,"url":"https:\/\/wansait.com\/nicuilie\/cine-e-in-imagine\/","url_meta":{"origin":3450,"position":5},"title":"Cine e \u00een imagine?","author":"Nicu Ilie","date":"iulie 2, 2025","format":false,"excerpt":"Nu e Buster Keaton, e un personaj \u0219i mai celebru, imortal, al c\u0103rui nume a devenit substantiv comun. E Charles Ponzi, de numele c\u0103ruia se leag\u0103 cea mai cunoscut\u0103 schem\u0103 de escrocherie la scar\u0103 larg\u0103. La noi, schema a fost folosit\u0103 de Caritas (\u0219i alte pseudocompanii) \u00een anii 1990. \u0218i\u2026","rel":"","context":"\u00cen \u201ePonturi\u201d","block_context":{"text":"Ponturi","link":"https:\/\/wansait.com\/nicuilie\/category\/ponturi\/"},"img":{"alt_text":"","src":"https:\/\/i0.wp.com\/wansait.com\/nicuilie\/wp-content\/uploads\/2025\/07\/Charles-Ponzi.webp?resize=350%2C200&ssl=1","width":350,"height":200},"classes":[]}],"jetpack_likes_enabled":true,"_links":{"self":[{"href":"https:\/\/wansait.com\/nicuilie\/wp-json\/wp\/v2\/posts\/3450","targetHints":{"allow":["GET"]}}],"collection":[{"href":"https:\/\/wansait.com\/nicuilie\/wp-json\/wp\/v2\/posts"}],"about":[{"href":"https:\/\/wansait.com\/nicuilie\/wp-json\/wp\/v2\/types\/post"}],"author":[{"embeddable":true,"href":"https:\/\/wansait.com\/nicuilie\/wp-json\/wp\/v2\/users\/1"}],"replies":[{"embeddable":true,"href":"https:\/\/wansait.com\/nicuilie\/wp-json\/wp\/v2\/comments?post=3450"}],"version-history":[{"count":1,"href":"https:\/\/wansait.com\/nicuilie\/wp-json\/wp\/v2\/posts\/3450\/revisions"}],"predecessor-version":[{"id":3452,"href":"https:\/\/wansait.com\/nicuilie\/wp-json\/wp\/v2\/posts\/3450\/revisions\/3452"}],"wp:featuredmedia":[{"embeddable":true,"href":"https:\/\/wansait.com\/nicuilie\/wp-json\/wp\/v2\/media\/3451"}],"wp:attachment":[{"href":"https:\/\/wansait.com\/nicuilie\/wp-json\/wp\/v2\/media?parent=3450"}],"wp:term":[{"taxonomy":"category","embeddable":true,"href":"https:\/\/wansait.com\/nicuilie\/wp-json\/wp\/v2\/categories?post=3450"},{"taxonomy":"post_tag","embeddable":true,"href":"https:\/\/wansait.com\/nicuilie\/wp-json\/wp\/v2\/tags?post=3450"}],"curies":[{"name":"wp","href":"https:\/\/api.w.org\/{rel}","templated":true}]}}