{"id":3327,"date":"2024-09-22T14:26:59","date_gmt":"2024-09-22T11:26:59","guid":{"rendered":"https:\/\/wansait.com\/nicuilie\/?p=3327"},"modified":"2024-09-22T14:30:36","modified_gmt":"2024-09-22T11:30:36","slug":"work-in-progress-efecte-de-scena","status":"publish","type":"post","link":"https:\/\/wansait.com\/nicuilie\/work-in-progress-efecte-de-scena\/","title":{"rendered":"Work in progress: Efecte de scen\u0103"},"content":{"rendered":"\n<p>\u201eEfecte de scen\u0103\u201d este un proiect video al <a href=\"https:\/\/www.b-critic.ro\/\" data-type=\"link\" data-id=\"https:\/\/www.b-critic.ro\/\"><strong>B-Critic.ro<\/strong><\/a> (o continuare a ciclului B-Critic Videoplus din anii trecu\u021bi). Proiectul este co-finan\u021bat de AFCN \u0219i va fi lansat \u00een octombrie. Echipa de proiect este compus\u0103 din criticul Cristina Rusiecki, jurnali\u0219tii Carmen Corbu \u0219i Nicu Ilie (moi!) \u0219i directorul de casting\/regizorul C\u0103t\u0103lin Dordea. Seria de produse video va cuprinde c\u00e2teva zeci de piese de teatru \u00een prezent\u0103ri video \u0219i dialoguri cu actorii, regizorii, scenografii sau dramaturgii lor.<\/p>\n\n\n\n<div class=\"wp-block-group has-white-background-color has-background\"><div class=\"wp-block-group__inner-container is-layout-constrained wp-block-group-is-layout-constrained\">\n<iframe loading=\"lazy\" src=\"https:\/\/www.facebook.com\/plugins\/post.php?href=https%3A%2F%2Fwww.facebook.com%2Fnicu.ilie.14855%2Fposts%2Fpfbid02ukBjPqouZXpGiwQyCKmEYcKoeyYDZjnHY3dEiXCjVnR4cRLcgYTHZw4Qh7bZdZr6l&#038;show_text=true&#038;width=500\" width=\"500\" height=\"488\" style=\"border:none;overflow:hidden\" scrolling=\"no\" frameborder=\"0\" allowfullscreen=\"true\" allow=\"autoplay; clipboard-write; encrypted-media; picture-in-picture; web-share\"><\/iframe>\n\n\n\n<iframe loading=\"lazy\" src=\"https:\/\/www.facebook.com\/plugins\/post.php?href=https%3A%2F%2Fwww.facebook.com%2Fb.critic%2Fposts%2Fpfbid02VrkGa2t675WRacJ9k2GqfMQgitrbDRxFFpjwKPs9H1MwdYGvYqbVXhJkovgT5bAvl&#038;show_text=true&#038;width=500\" width=\"500\" height=\"778\" style=\"border:none;overflow:hidden\" scrolling=\"no\" frameborder=\"0\" allowfullscreen=\"true\" allow=\"autoplay; clipboard-write; encrypted-media; picture-in-picture; web-share\"><\/iframe>\n\n\n\n<iframe loading=\"lazy\" src=\"https:\/\/www.facebook.com\/plugins\/post.php?href=https%3A%2F%2Fwww.facebook.com%2Fb.critic%2Fposts%2Fpfbid033dEKsF1pdNyG46Eba74vxmMss5KhA2CSiAEizoEkm9wpYi2jzqeThP7KkiAsFgpWl&#038;show_text=true&#038;width=500\" width=\"500\" height=\"540\" style=\"border:none;overflow:hidden\" scrolling=\"no\" frameborder=\"0\" allowfullscreen=\"true\" allow=\"autoplay; clipboard-write; encrypted-media; picture-in-picture; web-share\"><\/iframe>\n\n\n\n<figure class=\"wp-block-embed is-type-wp-embed is-provider-b-critic wp-block-embed-b-critic\"><div class=\"wp-block-embed__wrapper\">\n<blockquote class=\"wp-embedded-content\" data-secret=\"dvvnVAqfu5\"><a href=\"https:\/\/www.b-critic.ro\/spectacol\/teatru\/o-selectie-pe-spranceana\/\">O selec\u021bie pe spr\u00e2ncean\u0103<\/a><\/blockquote><iframe loading=\"lazy\" class=\"wp-embedded-content\" sandbox=\"allow-scripts\" security=\"restricted\" style=\"position: absolute; visibility: hidden;\" title=\"&#8222;O selec\u021bie pe spr\u00e2ncean\u0103&#8221; &#8212; B-Critic\" src=\"https:\/\/www.b-critic.ro\/spectacol\/teatru\/o-selectie-pe-spranceana\/embed\/#?secret=2OuFTaVoDp#?secret=dvvnVAqfu5\" data-secret=\"dvvnVAqfu5\" width=\"600\" height=\"338\" frameborder=\"0\" marginwidth=\"0\" marginheight=\"0\" scrolling=\"no\"><\/iframe>\n<\/div><\/figure>\n<\/div><\/div>\n\n\n\n<p>\u0219i alte 22 de spectacole, plus teasere de la celelalte spectacole care v\u0103 a\u0219tept\u0103 \u00een s\u0103lile de teatru (deja arhipline \u0219i pentru care va trebui s\u0103 lupta\u021bi pentru a lua bilete).<\/p>\n","protected":false},"excerpt":{"rendered":"<p>\u201eEfecte de scen\u0103\u201d este un proiect video al B-Critic.ro (o continuare a ciclului B-Critic Videoplus din anii trecu\u021bi). Proiectul este co-finan\u021bat de AFCN \u0219i va fi lansat \u00een octombrie. Echipa de proiect este compus\u0103 din criticul Cristina Rusiecki, jurnali\u0219tii Carmen Corbu \u0219i Nicu Ilie (moi!) \u0219i directorul de casting\/regizorul C\u0103t\u0103lin Dordea. Seria de produse video va cuprinde c\u00e2teva zeci de [&hellip;]<\/p>\n","protected":false},"author":1,"featured_media":3328,"comment_status":"open","ping_status":"open","sticky":false,"template":"","format":"standard","meta":{"_monsterinsights_skip_tracking":false,"_monsterinsights_sitenote_active":false,"_monsterinsights_sitenote_note":"","_monsterinsights_sitenote_category":0,"advanced_seo_description":"","jetpack_seo_html_title":"","jetpack_seo_noindex":false,"_jetpack_memberships_contains_paid_content":false,"footnotes":""},"categories":[18,4103],"tags":[],"class_list":["post-3327","post","type-post","status-publish","format-standard","has-post-thumbnail","hentry","category-recomandari","category-work-in-progress"],"jetpack_featured_media_url":"https:\/\/wansait.com\/nicuilie\/wp-content\/uploads\/2024\/09\/efectedescena_n.webp","jetpack_sharing_enabled":true,"jetpack_shortlink":"https:\/\/wp.me\/pa83eN-RF","jetpack-related-posts":[{"id":3313,"url":"https:\/\/wansait.com\/nicuilie\/silviupurcarete-art-site-dedicat-regizorului-silviu-purcarete\/","url_meta":{"origin":3327,"position":0},"title":"SilviuPurc\u0103rete.art &#8211; site dedicat regizorului Silviu Purc\u0103rete","author":"Nicu Ilie","date":"septembrie 13, 2024","format":false,"excerpt":"Suntem la zile distan\u021b\u0103 de lansarea siteu-lui dedicat regizorului Silviu Purc\u0103rete. Activitatea sa, de-a dreptul legendar\u0103, cu spectacole uluitoare montate \u00een numeroase teatre din Rom\u00e2nia, Fran\u021ba sau Japonia, a putut fi rezumat\u0103 \u00een c\u00e2teva pagini ale unui nu mai pu\u021bin spectaculos site. Proiectul de a realiza un site dedicat operei\u2026","rel":"","context":"\u00cen \u201eWork in progress\u201d","block_context":{"text":"Work in progress","link":"https:\/\/wansait.com\/nicuilie\/category\/work-in-progress\/"},"img":{"alt_text":"","src":"https:\/\/i0.wp.com\/wansait.com\/nicuilie\/wp-content\/uploads\/2024\/09\/LowRes-sign%C2%A9PeterUhan_0792.webp?resize=350%2C200&ssl=1","width":350,"height":200,"srcset":"https:\/\/i0.wp.com\/wansait.com\/nicuilie\/wp-content\/uploads\/2024\/09\/LowRes-sign%C2%A9PeterUhan_0792.webp?resize=350%2C200&ssl=1 1x, https:\/\/i0.wp.com\/wansait.com\/nicuilie\/wp-content\/uploads\/2024\/09\/LowRes-sign%C2%A9PeterUhan_0792.webp?resize=525%2C300&ssl=1 1.5x, https:\/\/i0.wp.com\/wansait.com\/nicuilie\/wp-content\/uploads\/2024\/09\/LowRes-sign%C2%A9PeterUhan_0792.webp?resize=700%2C400&ssl=1 2x"},"classes":[]},{"id":3161,"url":"https:\/\/wansait.com\/nicuilie\/lucrari-din-seria-b-cube-i\/","url_meta":{"origin":3327,"position":1},"title":"Lucr\u0103ri din seria B-Cube (I)","author":"Nicu Ilie","date":"iulie 20, 2024","format":false,"excerpt":"Am \u00eenceput seria de fotografii B-Cube test\u00e2nd o aplica\u021bie pentru tablet\u0103. Rezultatul a fost dincolo de a\u0219tept\u0103ri. Mi s-a p\u0103rut extraordinar modul \u00een care simetria arhitectural\u0103 poate fi completat\u0103 vizual pentru a include \u00een ea (sau pentru a o extinde cu) elemente naturale \u0219i principii primordiale - precum cerul \u0219i\u2026","rel":"","context":"\u00cen \u201eArta grafica\u201d","block_context":{"text":"Arta grafica","link":"https:\/\/wansait.com\/nicuilie\/category\/multilateralitate\/"},"img":{"alt_text":"","src":"https:\/\/i0.wp.com\/wansait.com\/nicuilie\/wp-content\/uploads\/2024\/07\/IMG_4205.webp?resize=350%2C200&ssl=1","width":350,"height":200,"srcset":"https:\/\/i0.wp.com\/wansait.com\/nicuilie\/wp-content\/uploads\/2024\/07\/IMG_4205.webp?resize=350%2C200&ssl=1 1x, https:\/\/i0.wp.com\/wansait.com\/nicuilie\/wp-content\/uploads\/2024\/07\/IMG_4205.webp?resize=525%2C300&ssl=1 1.5x, https:\/\/i0.wp.com\/wansait.com\/nicuilie\/wp-content\/uploads\/2024\/07\/IMG_4205.webp?resize=700%2C400&ssl=1 2x, https:\/\/i0.wp.com\/wansait.com\/nicuilie\/wp-content\/uploads\/2024\/07\/IMG_4205.webp?resize=1050%2C600&ssl=1 3x"},"classes":[]},{"id":457,"url":"https:\/\/wansait.com\/nicuilie\/trilulilu\/","url_meta":{"origin":3327,"position":2},"title":"Trilulilu","author":"Nicu Ilie","date":"februarie 12, 2009","format":false,"excerpt":"Trilulilu, youtube-ul romanesc de 2,5 milioane dolari valoare pe piata. Filmuletele zilei: Camera Ascunsa:)):bd Vezi mai multe video Haioase \u00bb Camera ascunsa Inredibil (prea tare): INCREDIBIL - PREA TARE:)) Vezi mai multe video Haioase \u00bb Camera ascunsa: Bikini :)) Camera Ascunsa-Bikini:)) Vezi mai multe video Haioase \u00bb Meniu rapid: Video\u2026","rel":"","context":"\u00cen \u201eGhidul presei\u201d","block_context":{"text":"Ghidul presei","link":"https:\/\/wansait.com\/nicuilie\/category\/media\/"},"img":{"alt_text":"","src":"","width":0,"height":0},"classes":[]},{"id":1421,"url":"https:\/\/wansait.com\/nicuilie\/conspiratia-papusilor-barbie\/","url_meta":{"origin":3327,"position":3},"title":"Conspiratia papusilor Barbie","author":"Nicu Ilie","date":"aprilie 13, 2011","format":false,"excerpt":"Un film din lumea sportului nu poate oferi surprize. Spre deosebire de o competitie reala, stii cine o sa castige inca de la prima scena. Personajele pozitive sunt usor de recunoscut: au muschi mai mari. Puctul culminant e o competitie, castigata miraculos in ultima secunda. Nici macar cele mai bune\u2026","rel":"","context":"\u00cen \u201eCronica\u201d","block_context":{"text":"Cronica","link":"https:\/\/wansait.com\/nicuilie\/category\/cronica\/"},"img":{"alt_text":"","src":"https:\/\/i0.wp.com\/wansait.com\/nicuilie\/wp-content\/uploads\/2011\/04\/stick-it.jpg?resize=350%2C200&ssl=1","width":350,"height":200,"srcset":"https:\/\/i0.wp.com\/wansait.com\/nicuilie\/wp-content\/uploads\/2011\/04\/stick-it.jpg?resize=350%2C200&ssl=1 1x, https:\/\/i0.wp.com\/wansait.com\/nicuilie\/wp-content\/uploads\/2011\/04\/stick-it.jpg?resize=525%2C300&ssl=1 1.5x"},"classes":[]},{"id":468,"url":"https:\/\/wansait.com\/nicuilie\/camera-ascunsa\/","url_meta":{"origin":3327,"position":4},"title":"Camera ascunsa","author":"Nicu Ilie","date":"februarie 15, 2009","format":false,"excerpt":"Camera ascunsa in Constanta - trafic de tigari : nicuilie.eu Camera ascunsa in Constanta - trafic de tigari 01.01.2009 | Author: hrnicu | Posted in nicuilie.eu , Camera ascunsa in Constanta - trafic de tigari, ... blog.nicuilie.eu\/2009\/01\/camera-ascunsa-in-constanta-trafic-de-tigari\/ constanta.regionis.info \u00bb Blog Archive \u00bb Camera ascunsa in ... alegeri parlamentare alegeri uninominale\u2026","rel":"","context":"\u00cen \u201ePe_deasupra\u201d","block_context":{"text":"Pe_deasupra","link":"https:\/\/wansait.com\/nicuilie\/category\/pe_deasupra\/"},"img":{"alt_text":"","src":"","width":0,"height":0},"classes":[]},{"id":1998,"url":"https:\/\/wansait.com\/nicuilie\/micul-anticomunism-fata-in-fata-cu-marea-dictatura\/","url_meta":{"origin":3327,"position":5},"title":"Micul anticomunism fata in fata cu marea dictatura","author":"Nicu Ilie","date":"octombrie 28, 2012","format":false,"excerpt":"Programul de recuperari anticomuniste s-a imbogatit cu un nou documentar, care s-ar putea numi \"Comunismul pentru blonde\" dar se numeste simplu \"Dupa tacere ce nu s-a rostit nu exista?\". Filmul a fost proiectat la Sibiu pe ecranele Astra Film Festival. Link spre prezentare. Un documentar pe jumatate plicticos si pe\u2026","rel":"","context":"\u00cen \u201eCronica\u201d","block_context":{"text":"Cronica","link":"https:\/\/wansait.com\/nicuilie\/category\/cronica\/"},"img":{"alt_text":"","src":"https:\/\/i0.wp.com\/nicuilie.regionis.info\/wp-content\/uploads\/2012\/10\/after-silence.jpg?resize=350%2C200","width":350,"height":200},"classes":[]}],"jetpack_likes_enabled":true,"_links":{"self":[{"href":"https:\/\/wansait.com\/nicuilie\/wp-json\/wp\/v2\/posts\/3327","targetHints":{"allow":["GET"]}}],"collection":[{"href":"https:\/\/wansait.com\/nicuilie\/wp-json\/wp\/v2\/posts"}],"about":[{"href":"https:\/\/wansait.com\/nicuilie\/wp-json\/wp\/v2\/types\/post"}],"author":[{"embeddable":true,"href":"https:\/\/wansait.com\/nicuilie\/wp-json\/wp\/v2\/users\/1"}],"replies":[{"embeddable":true,"href":"https:\/\/wansait.com\/nicuilie\/wp-json\/wp\/v2\/comments?post=3327"}],"version-history":[{"count":4,"href":"https:\/\/wansait.com\/nicuilie\/wp-json\/wp\/v2\/posts\/3327\/revisions"}],"predecessor-version":[{"id":3332,"href":"https:\/\/wansait.com\/nicuilie\/wp-json\/wp\/v2\/posts\/3327\/revisions\/3332"}],"wp:featuredmedia":[{"embeddable":true,"href":"https:\/\/wansait.com\/nicuilie\/wp-json\/wp\/v2\/media\/3328"}],"wp:attachment":[{"href":"https:\/\/wansait.com\/nicuilie\/wp-json\/wp\/v2\/media?parent=3327"}],"wp:term":[{"taxonomy":"category","embeddable":true,"href":"https:\/\/wansait.com\/nicuilie\/wp-json\/wp\/v2\/categories?post=3327"},{"taxonomy":"post_tag","embeddable":true,"href":"https:\/\/wansait.com\/nicuilie\/wp-json\/wp\/v2\/tags?post=3327"}],"curies":[{"name":"wp","href":"https:\/\/api.w.org\/{rel}","templated":true}]}}