{"id":3313,"date":"2024-09-13T15:14:06","date_gmt":"2024-09-13T12:14:06","guid":{"rendered":"https:\/\/wansait.com\/nicuilie\/?p=3313"},"modified":"2024-09-13T15:23:02","modified_gmt":"2024-09-13T12:23:02","slug":"silviupurcarete-art-site-dedicat-regizorului-silviu-purcarete","status":"publish","type":"post","link":"https:\/\/wansait.com\/nicuilie\/silviupurcarete-art-site-dedicat-regizorului-silviu-purcarete\/","title":{"rendered":"SilviuPurc\u0103rete.art &#8211; site dedicat regizorului Silviu Purc\u0103rete"},"content":{"rendered":"\n<p>Suntem la zile distan\u021b\u0103 de lansarea siteu-lui dedicat regizorului Silviu Purc\u0103rete. Activitatea sa, de-a dreptul legendar\u0103, cu spectacole uluitoare montate \u00een numeroase teatre din Rom\u00e2nia, Fran\u021ba sau Japonia, a putut fi rezumat\u0103 \u00een c\u00e2teva pagini ale unui nu mai pu\u021bin spectaculos site.<\/p>\n\n\n\n<p>Proiectul de a realiza un site dedicat operei lui Purc\u0103rete apar\u021bine Asocia\u021biei Culturale Vis-a-vis, care, ob\u021bin\u00e2nd o finan\u021bare AFCN, a avut \u00een acest an un proiect complex, editorial \u0219i expozi\u021bional, centrat pe personalitatea artistic\u0103 de excep\u021bie a lui Silviu Purc\u0103rete. \u00cen cadrul proiectului a fost realizat un album de fotografie, cu o calitate excelent\u0103, tip\u0103rit la Everest. Albumul a fost lansat \u00een cadrul unei expozi\u021bii de fotografie cu acelea\u0219i imagini, dar \u0219i cu multe altele, deschis\u0103 la Craiova \u00een cadrul festivalului local de teatru. Expozi\u021bia va fi itinerat\u0103 \u00een perioada urm\u0103toare. Pe noul site ve\u021bi g\u0103si \u0219i informa\u021bii despre calendarul expozi\u021biei \u0219i ora\u0219ele \u00een care va putea fi v\u0103zut\u0103.<\/p>\n\n\n\n<p>Site-ul SilviuPurcarete.art mi-a fost comandat la finalul acestui program. Designul pe care l-am ales pentru site a fost unul simplu, aproape minimalist, \u00eendeosebi prin alegerea fontelor \u0219i culorilor. Am \u00eencercat astfel s\u0103 pun \u00een prim-plan informa\u021bia \u0219i imaginile, utiliz\u00e2nd la maximum puterea \u0219abloanelor gutenberg \u0219i a compresiilor pentru imagine. \u00cen special pagina dedicat\u0103 galeriei foto, cu aproape 500 de imagini \u00eentr-un singur screen, a fost o provocare absolut\u0103, una pe care nu mi-a\u0219 fi asumat-o cu un an \u00eenainte de \u00eembun\u0103t\u0103\u021birile compresiei pentru formatul webp \u0219i de cele pentru prioritizarea \u00eenc\u0103rc\u0103rii asincrone din webcash-uri. Iar rezultatul arat\u0103 c\u0103 mi-a ie\u0219it, web-vital-ul paginii av\u00e2nd scor de 89 pe mobil \u0219i 98 pe desktop. Iar asta f\u0103r\u0103 niciun lazyload sau CDN! Pagina rezultat\u0103 este absolut uimitoare, cu imagini din zeci de spectacole, din zeci de ani de teatru, totul la un loc. <\/p>\n\n\n\n<p>Site-ul este bilingv, \u00een rom\u00e2n\u0103 \u0219i englez\u0103.<\/p>\n\n\n\n<p>LINK: <a href=\"https:\/\/silviupurcarete.art\/\" target=\"_blank\" rel=\"noreferrer noopener\">SILVIUPURCARETE:ART<\/a><\/p>\n\n\n<div class=\"wp-block-image\">\n<figure class=\"aligncenter size-large\"><a href=\"https:\/\/silviupurcarete.art\/photos\/\" target=\"_blank\" rel=\"noreferrer noopener\"><img decoding=\"async\" src=\"https:\/\/wansait.com\/nicuilie\/imgspex\/Screenshot_13-9-2024_15523_silviupurcarete.art.webp\" alt=\"\"\/><\/a><\/figure>\n<\/div>\n\n\n<p><a href=\"https:\/\/silviupurcarete.art\/photos\/\" target=\"_blank\" rel=\"noreferrer noopener\">Acceseaz\u0103 direct galeria foto<\/a><\/p>\n","protected":false},"excerpt":{"rendered":"<p>Suntem la zile distan\u021b\u0103 de lansarea siteu-lui dedicat regizorului Silviu Purc\u0103rete. Activitatea sa, de-a dreptul legendar\u0103, cu spectacole uluitoare montate \u00een numeroase teatre din Rom\u00e2nia, Fran\u021ba sau Japonia, a putut fi rezumat\u0103 \u00een c\u00e2teva pagini ale unui nu mai pu\u021bin spectaculos site. Proiectul de a realiza un site dedicat operei lui Purc\u0103rete apar\u021bine Asocia\u021biei Culturale Vis-a-vis, care, ob\u021bin\u00e2nd o finan\u021bare [&hellip;]<\/p>\n","protected":false},"author":1,"featured_media":3317,"comment_status":"open","ping_status":"open","sticky":false,"template":"","format":"standard","meta":{"_monsterinsights_skip_tracking":false,"_monsterinsights_sitenote_active":false,"_monsterinsights_sitenote_note":"","_monsterinsights_sitenote_category":0,"advanced_seo_description":"","jetpack_seo_html_title":"","jetpack_seo_noindex":false,"_jetpack_memberships_contains_paid_content":false,"footnotes":""},"categories":[4103],"tags":[],"class_list":["post-3313","post","type-post","status-publish","format-standard","has-post-thumbnail","hentry","category-work-in-progress"],"jetpack_featured_media_url":"https:\/\/wansait.com\/nicuilie\/wp-content\/uploads\/2024\/09\/LowRes-sign\u00a9PeterUhan_0792.webp","jetpack_sharing_enabled":true,"jetpack_shortlink":"https:\/\/wp.me\/pa83eN-Rr","jetpack-related-posts":[{"id":73,"url":"https:\/\/wansait.com\/nicuilie\/satisfactii-platonice-pe-traficro\/","url_meta":{"origin":3313,"position":0},"title":"Satisfactii platonice pe trafic.ro","author":"Nicu Ilie","date":"august 3, 2008","format":false,"excerpt":"Tocmai ce l-am depasit in viteza, in clasamentul de pe trafic, nu in viata strict reala si mai putin digitala, pe Silviu Prigoana. Nu ma dadeam scula pe bascula daca nu vedeam cum e titulatura paginii personale a omului responsabil de curatenie in sectoarele curate ale capitalei, respectiv: Siteul marelui\u2026","rel":"","context":"\u00cen \u201ePe_deasupra\u201d","block_context":{"text":"Pe_deasupra","link":"https:\/\/wansait.com\/nicuilie\/category\/pe_deasupra\/"},"img":{"alt_text":"","src":"","width":0,"height":0},"classes":[]},{"id":916,"url":"https:\/\/wansait.com\/nicuilie\/pariuri-riscuri-si-erori\/","url_meta":{"origin":3313,"position":1},"title":"Pariuri, riscuri si erori","author":"Nicu Ilie","date":"ianuarie 4, 2010","format":false,"excerpt":"Colegiul 1 din Bucuresti (pentru Camera Deputatilor) este probabil singurul din Bucuresti in care chiar si Traian Basescu ar pierde alegerile. Aceasta este probabil singura logica prin care Honorius Prigoana a obtinut o nominalizare din partea PDL pentru locul ramas liber in Parlament dupa ce liberalul Bogdan Olteanu a dezertat\u2026","rel":"","context":"\u00cen \u201eOpinie\u201d","block_context":{"text":"Opinie","link":"https:\/\/wansait.com\/nicuilie\/category\/opinie\/"},"img":{"alt_text":"","src":"","width":0,"height":0},"classes":[]},{"id":548,"url":"https:\/\/wansait.com\/nicuilie\/evenimentul-zilei-ce-a-fost-si-ce-a-ajuns\/","url_meta":{"origin":3313,"position":2},"title":"Evenimentul zilei &#8211; ce a fost si ce-a ajuns","author":"Nicu Ilie","date":"mai 1, 2009","format":false,"excerpt":"Sub conducerea lui Ion Cristoiu si un manageriat din care nu lipsea Cornel Nistorescu, o echipa plecata de la Expres Magazin punea bazele unei publicatii care a revolutionat presa cotidiana din Romania. Noul cotidian, cunoscut si ca Bulina Rosie, datorita siglei sale de forma rotunda, a lansat presa de senzational\u2026","rel":"","context":"\u00cen \u201eGhidul presei\u201d","block_context":{"text":"Ghidul presei","link":"https:\/\/wansait.com\/nicuilie\/category\/media\/"},"img":{"alt_text":"","src":"http:\/\/upload.wikimedia.org\/wikipedia\/ro\/f\/f3\/Evenimentul-zilei-logo.gif","width":350,"height":200},"classes":[]},{"id":3161,"url":"https:\/\/wansait.com\/nicuilie\/lucrari-din-seria-b-cube-i\/","url_meta":{"origin":3313,"position":3},"title":"Lucr\u0103ri din seria B-Cube (I)","author":"Nicu Ilie","date":"iulie 20, 2024","format":false,"excerpt":"Am \u00eenceput seria de fotografii B-Cube test\u00e2nd o aplica\u021bie pentru tablet\u0103. Rezultatul a fost dincolo de a\u0219tept\u0103ri. Mi s-a p\u0103rut extraordinar modul \u00een care simetria arhitectural\u0103 poate fi completat\u0103 vizual pentru a include \u00een ea (sau pentru a o extinde cu) elemente naturale \u0219i principii primordiale - precum cerul \u0219i\u2026","rel":"","context":"\u00cen \u201eArta grafica\u201d","block_context":{"text":"Arta grafica","link":"https:\/\/wansait.com\/nicuilie\/category\/multilateralitate\/"},"img":{"alt_text":"","src":"https:\/\/i0.wp.com\/wansait.com\/nicuilie\/wp-content\/uploads\/2024\/07\/IMG_4205.webp?resize=350%2C200&ssl=1","width":350,"height":200,"srcset":"https:\/\/i0.wp.com\/wansait.com\/nicuilie\/wp-content\/uploads\/2024\/07\/IMG_4205.webp?resize=350%2C200&ssl=1 1x, https:\/\/i0.wp.com\/wansait.com\/nicuilie\/wp-content\/uploads\/2024\/07\/IMG_4205.webp?resize=525%2C300&ssl=1 1.5x, https:\/\/i0.wp.com\/wansait.com\/nicuilie\/wp-content\/uploads\/2024\/07\/IMG_4205.webp?resize=700%2C400&ssl=1 2x, https:\/\/i0.wp.com\/wansait.com\/nicuilie\/wp-content\/uploads\/2024\/07\/IMG_4205.webp?resize=1050%2C600&ssl=1 3x"},"classes":[]},{"id":3327,"url":"https:\/\/wansait.com\/nicuilie\/work-in-progress-efecte-de-scena\/","url_meta":{"origin":3313,"position":4},"title":"Work in progress: Efecte de scen\u0103","author":"Nicu Ilie","date":"septembrie 22, 2024","format":false,"excerpt":"\u201eEfecte de scen\u0103\u201d este un proiect video al B-Critic.ro (o continuare a ciclului B-Critic Videoplus din anii trecu\u021bi). Proiectul este co-finan\u021bat de AFCN \u0219i va fi lansat \u00een octombrie. Echipa de proiect este compus\u0103 din criticul Cristina Rusiecki, jurnali\u0219tii Carmen Corbu \u0219i Nicu Ilie (moi!) \u0219i directorul de casting\/regizorul C\u0103t\u0103lin\u2026","rel":"","context":"\u00cen \u201eRecomandari\u201d","block_context":{"text":"Recomandari","link":"https:\/\/wansait.com\/nicuilie\/category\/recomandari\/"},"img":{"alt_text":"","src":"https:\/\/i0.wp.com\/wansait.com\/nicuilie\/wp-content\/uploads\/2024\/09\/efectedescena_n.webp?resize=350%2C200&ssl=1","width":350,"height":200,"srcset":"https:\/\/i0.wp.com\/wansait.com\/nicuilie\/wp-content\/uploads\/2024\/09\/efectedescena_n.webp?resize=350%2C200&ssl=1 1x, https:\/\/i0.wp.com\/wansait.com\/nicuilie\/wp-content\/uploads\/2024\/09\/efectedescena_n.webp?resize=525%2C300&ssl=1 1.5x, https:\/\/i0.wp.com\/wansait.com\/nicuilie\/wp-content\/uploads\/2024\/09\/efectedescena_n.webp?resize=700%2C400&ssl=1 2x"},"classes":[]},{"id":858,"url":"https:\/\/wansait.com\/nicuilie\/cuvinte-cheie-politician-sex-scandal-monden\/","url_meta":{"origin":3313,"position":5},"title":"Cuvinte cheie: politician, sex, scandal, monden","author":"Nicu Ilie","date":"noiembrie 7, 2009","format":false,"excerpt":"Pu\u0163in\u0103 sinucidere politic\u0103 \u015fi o popularitate enorm\u0103 Apari\u0163ia unui politician \u00een tabloide este, \u00een cele mai multe cazuri, un mar\u015f funebru pentru cariera sa. De\u015fi ziarele de scandal sunt de zece ori mai bine v\u00e2ndute dec\u00e2t a\u015fa-numita \u201equality press\u201d, politicienii cu scaun la cap \u015ftiu c\u0103 trebuie s\u0103 te fere\u015fti\u2026","rel":"","context":"\u00cen \u201ePoliticlinica\u201d","block_context":{"text":"Politiclinica","link":"https:\/\/wansait.com\/nicuilie\/category\/politica\/"},"img":{"alt_text":"","src":"","width":0,"height":0},"classes":[]}],"jetpack_likes_enabled":true,"_links":{"self":[{"href":"https:\/\/wansait.com\/nicuilie\/wp-json\/wp\/v2\/posts\/3313","targetHints":{"allow":["GET"]}}],"collection":[{"href":"https:\/\/wansait.com\/nicuilie\/wp-json\/wp\/v2\/posts"}],"about":[{"href":"https:\/\/wansait.com\/nicuilie\/wp-json\/wp\/v2\/types\/post"}],"author":[{"embeddable":true,"href":"https:\/\/wansait.com\/nicuilie\/wp-json\/wp\/v2\/users\/1"}],"replies":[{"embeddable":true,"href":"https:\/\/wansait.com\/nicuilie\/wp-json\/wp\/v2\/comments?post=3313"}],"version-history":[{"count":7,"href":"https:\/\/wansait.com\/nicuilie\/wp-json\/wp\/v2\/posts\/3313\/revisions"}],"predecessor-version":[{"id":3324,"href":"https:\/\/wansait.com\/nicuilie\/wp-json\/wp\/v2\/posts\/3313\/revisions\/3324"}],"wp:featuredmedia":[{"embeddable":true,"href":"https:\/\/wansait.com\/nicuilie\/wp-json\/wp\/v2\/media\/3317"}],"wp:attachment":[{"href":"https:\/\/wansait.com\/nicuilie\/wp-json\/wp\/v2\/media?parent=3313"}],"wp:term":[{"taxonomy":"category","embeddable":true,"href":"https:\/\/wansait.com\/nicuilie\/wp-json\/wp\/v2\/categories?post=3313"},{"taxonomy":"post_tag","embeddable":true,"href":"https:\/\/wansait.com\/nicuilie\/wp-json\/wp\/v2\/tags?post=3313"}],"curies":[{"name":"wp","href":"https:\/\/api.w.org\/{rel}","templated":true}]}}