{"id":3095,"date":"2024-06-16T16:26:25","date_gmt":"2024-06-16T13:26:25","guid":{"rendered":"https:\/\/wansait.com\/nicuilie\/?p=3095"},"modified":"2024-06-16T16:26:25","modified_gmt":"2024-06-16T13:26:25","slug":"razboiul-cultural-al-genurilor-muzicale","status":"publish","type":"post","link":"https:\/\/wansait.com\/nicuilie\/razboiul-cultural-al-genurilor-muzicale\/","title":{"rendered":"\u201eR\u0103zboiul cultural\u201d al genurilor muzicale"},"content":{"rendered":"\n<p>Scandalul de dup\u0103 concertul Coldplay continu\u0103 \u00een media social\u0103. E un mic \u201er\u0103zboi cultural\u201d aici. Eu \u00eensumi, care sunt permeabil la mai toate formele de art\u0103 \u0219i care m\u0103 consider (aproape) un omnivor cultural, sunt complet intolerant la manele. Au o reac\u021bie fizic\u0103, somatic\u0103, de respingere de ori c\u00e2te ori sunt expus la a\u0219a ceva. Una dintre cauze este lipsa unei civilit\u0103\u021bi elementare a celor care ascult\u0103 manele \u0219i care o fac, cu volumul la maxim, \u00een ma\u0219ini, la intersec\u021bii, \u00een <a><\/a>transportul \u00een comun, \u00een case sau apartamente pe l\u00e2ng\u0103 care nu po\u021bi s\u0103 nu treci, \u00een tot felul de alte locuri. Chiar \u0219i pe biciclete, cu boxe portabile legate de ghidon sau, ca pietoni, cu boxele pe um\u0103r. Dintre toate genurile, ascult\u0103torii de manele au cel mai frecvent un comportament antisocial \u0219i sunt lipsi\u021bi de minima decen\u021b\u0103.<\/p>\n\n\n\n<p>Totu\u0219i, am vrut s\u0103 \u0219tiu cum arat\u0103 din punct de vedere statistic tot acest fenomen. Ce studii de public exist\u0103? Care sunt trendurile \u0219i cum arat\u0103 evolu\u021bia \u00een ultimii ani. Rezultatele g\u0103site am \u00eencercat s\u0103 le prezint neutru. Totu\u0219i, cifrele ca atare contureaz\u0103 un peisaj preocupant, capabil s\u0103 \u00eengrijoreze.<\/p>\n\n\n\n<p><a href=\"https:\/\/revistacultura.ro\/preferinte-muzicale-romania-ue...\">https:\/\/revistacultura.ro\/preferinte-muzicale-romania-ue&#8230;<\/a><\/p>\n\n\n\n<figure class=\"wp-block-embed is-type-wp-embed is-provider-revista-cultura wp-block-embed-revista-cultura\"><div class=\"wp-block-embed__wrapper\">\n<blockquote class=\"wp-embedded-content\" data-secret=\"kfHClHJPER\"><a href=\"https:\/\/revistacultura.ro\/preferinte-muzicale-romania-ue-rock-pop-clasica-manele\/\">Ce muzic\u0103 ascult\u0103 rom\u00e2nii? Cine sunt cei care ascult\u0103 rock \u0219i cine cei care ascult\u0103 manele?<\/a><\/blockquote><iframe loading=\"lazy\" class=\"wp-embedded-content\" sandbox=\"allow-scripts\" security=\"restricted\" style=\"position: absolute; clip: rect(1px, 1px, 1px, 1px);\" title=\"&#8222;Ce muzic\u0103 ascult\u0103 rom\u00e2nii? Cine sunt cei care ascult\u0103 rock \u0219i cine cei care ascult\u0103 manele?&#8221; &#8212; Revista Cultura\" src=\"https:\/\/revistacultura.ro\/preferinte-muzicale-romania-ue-rock-pop-clasica-manele\/embed\/#?secret=PE5TOtJ9Zq#?secret=kfHClHJPER\" data-secret=\"kfHClHJPER\" width=\"600\" height=\"338\" frameborder=\"0\" marginwidth=\"0\" marginheight=\"0\" scrolling=\"no\"><\/iframe>\n<\/div><\/figure>\n\n\n\n<figure class=\"wp-block-image\"><img decoding=\"async\" src=\"https:\/\/revistacultura.ro\/art\/wp-content\/uploads\/2024\/06\/muzicale_-scaled.webp\" alt=\"preferinte muzicale romania ue\" class=\"wp-image-11460\"\/><\/figure>\n","protected":false},"excerpt":{"rendered":"<p>Scandalul de dup\u0103 concertul Coldplay continu\u0103 \u00een media social\u0103. E un mic \u201er\u0103zboi cultural\u201d aici. Eu \u00eensumi, care sunt permeabil la mai toate formele de art\u0103 \u0219i care m\u0103 consider (aproape) un omnivor cultural, sunt complet intolerant la manele. Au o reac\u021bie fizic\u0103, somatic\u0103, de respingere de ori c\u00e2te ori sunt expus la a\u0219a ceva. Una dintre cauze este lipsa [&hellip;]<\/p>\n","protected":false},"author":1,"featured_media":2156,"comment_status":"open","ping_status":"open","sticky":false,"template":"","format":"standard","meta":{"_monsterinsights_skip_tracking":false,"_monsterinsights_sitenote_active":false,"_monsterinsights_sitenote_note":"","_monsterinsights_sitenote_category":0,"advanced_seo_description":"","jetpack_seo_html_title":"","jetpack_seo_noindex":false,"_jetpack_memberships_contains_paid_content":false,"footnotes":""},"categories":[10],"tags":[4075,4076,4073,4072,4077,4078,4074],"class_list":["post-3095","post","type-post","status-publish","format-standard","has-post-thumbnail","hentry","category-pe_deasupra","tag-cercetari-sociale","tag-date-statistice","tag-infografice","tag-infografii","tag-muzica-pop","tag-muzica-rock","tag-studii-sociale"],"jetpack_featured_media_url":"https:\/\/wansait.com\/nicuilie\/wp-content\/uploads\/2008\/10\/vfl-wolfsburg_001314_MainPicture.jpg","jetpack_sharing_enabled":true,"jetpack_shortlink":"https:\/\/wp.me\/pa83eN-NV","jetpack-related-posts":[{"id":2833,"url":"https:\/\/wansait.com\/nicuilie\/infografii-cifre-cu-subiect-si-predicat-in-revista-cultura\/","url_meta":{"origin":3095,"position":0},"title":"Infografii &#8211; Cifre cu subiect \u0219i predicat \u00een revista Cultura","author":"Nicu Ilie","date":"iunie 10, 2022","format":false,"excerpt":"Am relansat la Cultura sec\u021biunea de infografii sub un nou titlu generic. \u201eCifre cu subiect \u0219i predicat\u201d a fost ini\u021bial un subtitlu \u00eentr-un dosar despre serviciile publice din domeniul medical, a\u0219a cum erau ele la \u00eenceputul pandemiei. De fapt, o sec\u021biune destul de dezvoltat\u0103 a dosarului, care a fost publicat\u0103\u2026","rel":"","context":"\u00cen \u201eArta grafica\u201d","block_context":{"text":"Arta grafica","link":"https:\/\/wansait.com\/nicuilie\/category\/multilateralitate\/"},"img":{"alt_text":"","src":"https:\/\/i0.wp.com\/wansait.com\/nicuilie\/wp-content\/uploads\/2022\/06\/harta-muzeelor.jpg?resize=350%2C200&ssl=1","width":350,"height":200,"srcset":"https:\/\/i0.wp.com\/wansait.com\/nicuilie\/wp-content\/uploads\/2022\/06\/harta-muzeelor.jpg?resize=350%2C200&ssl=1 1x, https:\/\/i0.wp.com\/wansait.com\/nicuilie\/wp-content\/uploads\/2022\/06\/harta-muzeelor.jpg?resize=525%2C300&ssl=1 1.5x, https:\/\/i0.wp.com\/wansait.com\/nicuilie\/wp-content\/uploads\/2022\/06\/harta-muzeelor.jpg?resize=700%2C400&ssl=1 2x, https:\/\/i0.wp.com\/wansait.com\/nicuilie\/wp-content\/uploads\/2022\/06\/harta-muzeelor.jpg?resize=1050%2C600&ssl=1 3x"},"classes":[]},{"id":14,"url":"https:\/\/wansait.com\/nicuilie\/doamna-din-apa-sau-religiile-de-unica-folosinta\/","url_meta":{"origin":3095,"position":1},"title":"&#8222;Doamna din apa&#8221; sau Religiile de unica folosinta","author":"Nicu Ilie","date":"iunie 8, 2008","format":false,"excerpt":"Regizorul filmului \u201eSigns\u201c (\u201eSemne\u201c, cu Mel Gibson, care a servit de suport pentru un \u201eScary Movie\u201c), indianul Manoj Night Shyamalan (sper ca l-am scris corect) propune zilele acestea un film de mister, \u201eDoamna din apa\u201c (\u201eLady in The Water\u201c), primit ca un succes pe ambele maluri ale Atlanticului (obisnuieste sa\u2026","rel":"","context":"\u00cen \u201eCronica\u201d","block_context":{"text":"Cronica","link":"https:\/\/wansait.com\/nicuilie\/category\/cronica\/"},"img":{"alt_text":"","src":"","width":0,"height":0},"classes":[]},{"id":2803,"url":"https:\/\/wansait.com\/nicuilie\/un-top-al-anului-pe-un-site-de-carte\/","url_meta":{"origin":3095,"position":2},"title":"Un top al anului pe un site de carte","author":"Nicu Ilie","date":"decembrie 31, 2021","format":false,"excerpt":"Se vorbe\u0219te destul despre c\u00e2t de pu\u021bin citesc rom\u00e2nii. Toate studiile sociale, la fel ca \u0219i raport\u0103rile financiare ale editurilor o dovedesc, an de an. \u00cens\u0103 se vorbe\u0219te mai pu\u021bin despre c\u00e2t de prost citesc rom\u00e2nii. Dac\u0103 din start, consumul de carte este foarte mic, din acest foarte mic cea\u2026","rel":"","context":"\u00cen \u201ePe_deasupra\u201d","block_context":{"text":"Pe_deasupra","link":"https:\/\/wansait.com\/nicuilie\/category\/pe_deasupra\/"},"img":{"alt_text":"","src":"","width":0,"height":0},"classes":[]},{"id":3158,"url":"https:\/\/wansait.com\/nicuilie\/costurile-unei-educatii-lipsite-de-performanta\/","url_meta":{"origin":3095,"position":3},"title":"Costurile unei educa\u021bii lipsite de performan\u021b\u0103","author":"Nicu Ilie","date":"iulie 20, 2024","format":false,"excerpt":"Calitatea vie\u021bii sociale, cea a vie\u021bii politice \u0219i a deciziei publice, toate sunt direct afectate de nivelul redus al cunoa\u0219terii \u0219i comprehensiunii sociale. Incapacitatea publicului de a trece de un nivel foarte redus de explicare a obiectivelor, m\u0103surilor, tehnicilor \u0219i metodelor de ac\u021biune eficient\u0103 favorizeaz\u0103 un nivel rudimentar al dezbaterii\u2026","rel":"","context":"\u00cen \u201eSpun NU\u201d","block_context":{"text":"Spun NU","link":"https:\/\/wansait.com\/nicuilie\/category\/pamflet\/"},"img":{"alt_text":"woman in red long sleeve writing on chalk board","src":"https:\/\/i0.wp.com\/wansait.com\/nicuilie\/wp-content\/uploads\/2024\/07\/pexels-photo-3769714.jpeg?resize=350%2C200&ssl=1","width":350,"height":200,"srcset":"https:\/\/i0.wp.com\/wansait.com\/nicuilie\/wp-content\/uploads\/2024\/07\/pexels-photo-3769714.jpeg?resize=350%2C200&ssl=1 1x, https:\/\/i0.wp.com\/wansait.com\/nicuilie\/wp-content\/uploads\/2024\/07\/pexels-photo-3769714.jpeg?resize=525%2C300&ssl=1 1.5x, https:\/\/i0.wp.com\/wansait.com\/nicuilie\/wp-content\/uploads\/2024\/07\/pexels-photo-3769714.jpeg?resize=700%2C400&ssl=1 2x, https:\/\/i0.wp.com\/wansait.com\/nicuilie\/wp-content\/uploads\/2024\/07\/pexels-photo-3769714.jpeg?resize=1050%2C600&ssl=1 3x, https:\/\/i0.wp.com\/wansait.com\/nicuilie\/wp-content\/uploads\/2024\/07\/pexels-photo-3769714.jpeg?resize=1400%2C800&ssl=1 4x"},"classes":[]},{"id":3111,"url":"https:\/\/wansait.com\/nicuilie\/dintr-un-interviu-dat-revistei-fictiunea\/","url_meta":{"origin":3095,"position":4},"title":"Dintr-un interviu dat revistei Fic\u021biunea","author":"Nicu Ilie","date":"iulie 11, 2024","format":false,"excerpt":"Ciprian Handru: Ce \u00eenseamn\u0103 pentru tine literatura? Ce scrii? Ce cite\u0219ti? Nicu Ilie: Personal, m\u0103 consider omnivor cultural. \u00cemi place s\u0103 m\u0103 expun la c\u00e2t mai multe \u0219i mai diverse experien\u021be artistice \u2013 indiferent de disciplina artistic\u0103, medium, tehnic\u0103 sau genuri. Pe jumate \u00een glum\u0103, idealul meu este polimatul renascentist.\u2026","rel":"","context":"\u00cen \u201eOpinie\u201d","block_context":{"text":"Opinie","link":"https:\/\/wansait.com\/nicuilie\/category\/opinie\/"},"img":{"alt_text":"","src":"https:\/\/i0.wp.com\/wansait.com\/nicuilie\/wp-content\/uploads\/2024\/07\/fictiunea_106.webp?resize=350%2C200&ssl=1","width":350,"height":200},"classes":[]},{"id":28,"url":"https:\/\/wansait.com\/nicuilie\/elitismul-unui-top\/","url_meta":{"origin":3095,"position":5},"title":"Elitismul unui top","author":"Nicu Ilie","date":"iunie 14, 2008","format":false,"excerpt":"de Nicu Ilie Astazi sa vorbesti de elite inseamna sa dai un aer neonazist unei discutii. Pana la urma asta e tot ce ne ramane din doctrinele politice si istoria secolului xx: ca elitismul e nazism si prostismul comunism. Iar noi, ca democrati\u2026 Nu putem fi nici una nici alta.\u2026","rel":"","context":"\u00cen \u201eEseu\u201d","block_context":{"text":"Eseu","link":"https:\/\/wansait.com\/nicuilie\/category\/eseu\/"},"img":{"alt_text":"","src":"","width":0,"height":0},"classes":[]}],"jetpack_likes_enabled":true,"_links":{"self":[{"href":"https:\/\/wansait.com\/nicuilie\/wp-json\/wp\/v2\/posts\/3095","targetHints":{"allow":["GET"]}}],"collection":[{"href":"https:\/\/wansait.com\/nicuilie\/wp-json\/wp\/v2\/posts"}],"about":[{"href":"https:\/\/wansait.com\/nicuilie\/wp-json\/wp\/v2\/types\/post"}],"author":[{"embeddable":true,"href":"https:\/\/wansait.com\/nicuilie\/wp-json\/wp\/v2\/users\/1"}],"replies":[{"embeddable":true,"href":"https:\/\/wansait.com\/nicuilie\/wp-json\/wp\/v2\/comments?post=3095"}],"version-history":[{"count":1,"href":"https:\/\/wansait.com\/nicuilie\/wp-json\/wp\/v2\/posts\/3095\/revisions"}],"predecessor-version":[{"id":3096,"href":"https:\/\/wansait.com\/nicuilie\/wp-json\/wp\/v2\/posts\/3095\/revisions\/3096"}],"wp:featuredmedia":[{"embeddable":true,"href":"https:\/\/wansait.com\/nicuilie\/wp-json\/wp\/v2\/media\/2156"}],"wp:attachment":[{"href":"https:\/\/wansait.com\/nicuilie\/wp-json\/wp\/v2\/media?parent=3095"}],"wp:term":[{"taxonomy":"category","embeddable":true,"href":"https:\/\/wansait.com\/nicuilie\/wp-json\/wp\/v2\/categories?post=3095"},{"taxonomy":"post_tag","embeddable":true,"href":"https:\/\/wansait.com\/nicuilie\/wp-json\/wp\/v2\/tags?post=3095"}],"curies":[{"name":"wp","href":"https:\/\/api.w.org\/{rel}","templated":true}]}}