{"id":2776,"date":"2018-02-09T00:21:00","date_gmt":"2018-02-09T00:21:00","guid":{"rendered":"http:\/\/wansait.com\/nicuilie\/?p=2776"},"modified":"2020-01-10T00:23:50","modified_gmt":"2020-01-10T00:23:50","slug":"despre-prezumtia-de-nevinovatie","status":"publish","type":"post","link":"https:\/\/wansait.com\/nicuilie\/despre-prezumtia-de-nevinovatie\/","title":{"rendered":"Despre Prezumtia De Nevinovatie"},"content":{"rendered":"\n<p>Cazul Darius V\u00e2lcov, consilier economic al premierului VV D\u0103ncil\u0103, autor al a\u0219a-zisului program de guvernare al PSD, condamnat \u00een prim\u0103 instan\u021b\u0103 la 8 ani de \u00eenchisoare repune \u00een discu\u021bie prezum\u021bia de nevinov\u0103\u021bie, \u00een m\u0103sura \u00een care aceasta este clamat\u0103 de partidul de guvern\u0103m\u00e2nt pentru a nu-i cere demisia din func\u021bia public\u0103 ocupat\u0103. Acela\u0219i concept, al prezum\u021biei de nevinov\u0103\u021bie, a fost abordat intens de alian\u021ba PSD-ALDE \u0219i \u00een alte cazuri recente. Se cuvin preciz\u0103ri:<\/p>\n\n\n\n<ul class=\"wp-block-list\"><li>prezum\u021bia de nevinov\u0103\u021bie este un concept juridic, nu politic. Chiar \u0219i \u00een cursul anchetelor penale, c\u00e2nd aceast\u0103 prezum\u021bie exist\u0103 \u00een mod natural, exist\u0103 un cost moral \u0219i politic pe care politicienii nu \u0219i-l permit \u00een niciun stat civilizat. \u00cenceperea urm\u0103ririi penale \u00eempotriva unei persoane certific\u0103 nu vinov\u0103\u021bia (care urmeaz\u0103 s\u0103 fie sanc\u021bionat\u0103 \u00een judec\u0103torii \u0219i tribunale), dar existen\u021ba unor suspiciuni rezonabile. Asemenea suspiciuni sunt incompatibile cu statutul unui politician, profesie \u00een care o minima moralia este strict necesar\u0103. Orice alt\u0103 situa\u021bie denot\u0103 imoralitate \u0219i lips\u0103 de bun-sim\u021b.<\/li><\/ul>\n\n\n\n<ul class=\"wp-block-list\"><li>prezum\u021bia de nevinov\u0103\u021bie \u00eenceteaz\u0103 \u00een momentul unei condamn\u0103ri, chiar dac\u0103 aceasta nu este definitiv\u0103. Caracterul nedefinitiv al unei sentin\u021be indic\u0103 posibilitatea (nu probabilitatea!) ca instan\u021be superioare s\u0103 invalideze sentin\u021ba, dar o sentin\u021b\u0103, odat\u0103 ob\u021binut\u0103, \u00ee\u0219i face efecte p\u00e2n\u0103 la apari\u021bia unei alte sentin\u021be de ordin superior. Fapt este c\u0103 prezum\u021bia de nevinov\u0103\u021bie este incompatibil\u0103 cu existen\u021ba unei hot\u0103r\u00e2ri judec\u0103tore\u0219ti care stabile\u0219te \u00een mod cert (chiar dac\u0103 nedefinitiv) starea de vinov\u0103\u021bie.<\/li><\/ul>\n\n\n\n<ul class=\"wp-block-list\"><li>\u00een cazul politicienilor, chiar \u0219i \u00een perioada de dinaintea oric\u0103rei sentin\u021be (recte a urm\u0103ririi penale in persona), retragerea din activitate este necesar\u0103 pentru a confirma faptul (de o obligatorie normalitate) c\u0103 actorii politici se racoleaz\u0103 dintre cei mai decen\u021bi \u0219i mai onorabili cet\u0103\u021beni, dar \u0219i pentru c\u0103 \u2013 pe de o parte, \u00een lipsa retragerii, este \u00een situa\u021bia de a continua fapte de tipul celei c\u0103reia i-a atras urm\u0103rirea penal\u0103; \u2013 pe de alt\u0103 parte poate utiliza func\u021bia public\u0103 pentru a exercita presiuni asupra instan\u021belor de anchet\u0103 sau martorilor (practica a ilustrat din plin aceast\u0103 posibilitate \u0219i \u00een state civilizate, nu doar \u00een Rom\u00e2nia); \u2013 \u0219i \u00een cele din urm\u0103 pentru c\u0103 este \u00een situa\u021bia de a ini\u021bia, sus\u021bine \u0219i participa la adoptarea de m\u0103suri legislative care au ca scop nu prezumatul bine public, ci dezincriminarea sa prin alterarea legilor care incrimineaz\u0103 fapta sau accesoriile acesteia.<\/li><\/ul>\n","protected":false},"excerpt":{"rendered":"<p>Cazul Darius V\u00e2lcov, consilier economic al premierului VV D\u0103ncil\u0103, autor al a\u0219a-zisului program de guvernare al PSD, condamnat \u00een prim\u0103 instan\u021b\u0103 la 8 ani de \u00eenchisoare repune \u00een discu\u021bie prezum\u021bia de nevinov\u0103\u021bie, \u00een m\u0103sura \u00een care aceasta este clamat\u0103 de partidul de guvern\u0103m\u00e2nt pentru a nu-i cere demisia din func\u021bia public\u0103 ocupat\u0103. Acela\u0219i concept, al prezum\u021biei de nevinov\u0103\u021bie, a fost [&hellip;]<\/p>\n","protected":false},"author":1,"featured_media":0,"comment_status":"open","ping_status":"open","sticky":false,"template":"","format":"standard","meta":{"_monsterinsights_skip_tracking":false,"_monsterinsights_sitenote_active":false,"_monsterinsights_sitenote_note":"","_monsterinsights_sitenote_category":0,"advanced_seo_description":"","jetpack_seo_html_title":"","jetpack_seo_noindex":false,"_jetpack_memberships_contains_paid_content":false,"footnotes":""},"categories":[9],"tags":[],"class_list":["post-2776","post","type-post","status-publish","format-standard","hentry","category-opinie"],"jetpack_featured_media_url":"","jetpack_sharing_enabled":true,"jetpack_shortlink":"https:\/\/wp.me\/pa83eN-IM","jetpack-related-posts":[{"id":3255,"url":"https:\/\/wansait.com\/nicuilie\/peisaje-urbane\/","url_meta":{"origin":2776,"position":0},"title":"Peisaje urbane (galerii de lucr\u0103ri)","author":"Nicu Ilie","date":"august 22, 2024","format":false,"excerpt":"Imaginea este din Sibiu, de acum c\u00e2\u021biva ani. Office Cartier muncitoresc Cartier in lucru Filtru estival Fresh Paint Metropolis BW Corrida Mirror Impresie - furtuna AI Night in the city Intre ziduri Ora\u0219ele sunt, probabil, forma de via\u021b\u0103 cea mai dinamic\u0103 \u0219i cu cea mai spectaculoas\u0103 evolu\u021bie. Dac\u0103 nu ne\u2026","rel":"","context":"\u00cen \u201eArta grafica\u201d","block_context":{"text":"Arta grafica","link":"https:\/\/wansait.com\/nicuilie\/category\/multilateralitate\/"},"img":{"alt_text":"","src":"https:\/\/i0.wp.com\/wansait.com\/nicuilie\/wp-content\/uploads\/2024\/08\/Metropolis-1.webp?resize=350%2C200&ssl=1","width":350,"height":200,"srcset":"https:\/\/i0.wp.com\/wansait.com\/nicuilie\/wp-content\/uploads\/2024\/08\/Metropolis-1.webp?resize=350%2C200&ssl=1 1x, https:\/\/i0.wp.com\/wansait.com\/nicuilie\/wp-content\/uploads\/2024\/08\/Metropolis-1.webp?resize=525%2C300&ssl=1 1.5x, https:\/\/i0.wp.com\/wansait.com\/nicuilie\/wp-content\/uploads\/2024\/08\/Metropolis-1.webp?resize=700%2C400&ssl=1 2x, https:\/\/i0.wp.com\/wansait.com\/nicuilie\/wp-content\/uploads\/2024\/08\/Metropolis-1.webp?resize=1050%2C600&ssl=1 3x"},"classes":[]},{"id":2930,"url":"https:\/\/wansait.com\/nicuilie\/o-noua-generatie-a-studiilor-despre-generatii\/","url_meta":{"origin":2776,"position":1},"title":"O nou\u0103 genera\u021bie a studiilor despre genera\u021bii","author":"Nicu Ilie","date":"iunie 5, 2023","format":false,"excerpt":"Acum o sut\u0103 sau o mie de ani, b\u0103tr\u00e2nii erau pu\u021bini, iar locul lor \u00een societate era unul extrem de important. Ei tezaurizau cea mai mare parte a cunoa\u0219terii \u0219i energiei necesare bunului mers al societ\u0103\u021bii. Totodat\u0103, ei reprezentau un important model de succes: b\u0103tuser\u0103 moartea \u00een condi\u021biile \u00een care\u2026","rel":"","context":"\u00cen \u201eDosar\u201d","block_context":{"text":"Dosar","link":"https:\/\/wansait.com\/nicuilie\/category\/dosar\/"},"img":{"alt_text":"a farmer standing by a fruit stand","src":"https:\/\/i0.wp.com\/wansait.com\/nicuilie\/wp-content\/uploads\/2023\/04\/pexels-photo-8540213.jpeg?resize=350%2C200&ssl=1","width":350,"height":200,"srcset":"https:\/\/i0.wp.com\/wansait.com\/nicuilie\/wp-content\/uploads\/2023\/04\/pexels-photo-8540213.jpeg?resize=350%2C200&ssl=1 1x, https:\/\/i0.wp.com\/wansait.com\/nicuilie\/wp-content\/uploads\/2023\/04\/pexels-photo-8540213.jpeg?resize=525%2C300&ssl=1 1.5x, https:\/\/i0.wp.com\/wansait.com\/nicuilie\/wp-content\/uploads\/2023\/04\/pexels-photo-8540213.jpeg?resize=700%2C400&ssl=1 2x, https:\/\/i0.wp.com\/wansait.com\/nicuilie\/wp-content\/uploads\/2023\/04\/pexels-photo-8540213.jpeg?resize=1050%2C600&ssl=1 3x, https:\/\/i0.wp.com\/wansait.com\/nicuilie\/wp-content\/uploads\/2023\/04\/pexels-photo-8540213.jpeg?resize=1400%2C800&ssl=1 4x"},"classes":[]},{"id":2990,"url":"https:\/\/wansait.com\/nicuilie\/filosofia-varstelor-generatiile-asa-cum-sunt-si-teoriile-despre-ele\/","url_meta":{"origin":2776,"position":2},"title":"Filosofia v\u00e2rstelor: genera\u021biile a\u0219a cum sunt \u0219i teoriile despre ele","author":"Nicu Ilie","date":"septembrie 2, 2023","format":false,"excerpt":"O filosofie a v\u00e2rstelor, chiar dac\u0103 nu sistematizat\u0103, a existat \u00eentotdeauna \u0219i a fost deosebit de popular\u0103 \u00een perioada medieval\u0103. Principalul motiv al acestei filosofii populare a fost roata vie\u021bii, cu patru momente decisive de la na\u0219tere la moarte \u0219i cu prezum\u021bia c\u0103 primele dou\u0103 v\u00e2rste sunt unele ascendente pentru\u2026","rel":"","context":"\u00cen \u201eFilosofie pop\u201d","block_context":{"text":"Filosofie pop","link":"https:\/\/wansait.com\/nicuilie\/category\/filosofie-pop\/"},"img":{"alt_text":"","src":"https:\/\/i0.wp.com\/wansait.com\/nicuilie\/wp-content\/uploads\/2009\/05\/image114.jpg?resize=350%2C200&ssl=1","width":350,"height":200,"srcset":"https:\/\/i0.wp.com\/wansait.com\/nicuilie\/wp-content\/uploads\/2009\/05\/image114.jpg?resize=350%2C200&ssl=1 1x, https:\/\/i0.wp.com\/wansait.com\/nicuilie\/wp-content\/uploads\/2009\/05\/image114.jpg?resize=525%2C300&ssl=1 1.5x, https:\/\/i0.wp.com\/wansait.com\/nicuilie\/wp-content\/uploads\/2009\/05\/image114.jpg?resize=700%2C400&ssl=1 2x, https:\/\/i0.wp.com\/wansait.com\/nicuilie\/wp-content\/uploads\/2009\/05\/image114.jpg?resize=1050%2C600&ssl=1 3x, https:\/\/i0.wp.com\/wansait.com\/nicuilie\/wp-content\/uploads\/2009\/05\/image114.jpg?resize=1400%2C800&ssl=1 4x"},"classes":[]},{"id":771,"url":"https:\/\/wansait.com\/nicuilie\/canibalism-marca-psd\/","url_meta":{"origin":2776,"position":3},"title":"Canibalism marca PSD","author":"Nicu Ilie","date":"septembrie 28, 2009","format":false,"excerpt":"Geoana sau Oprescu? Care din ei va fi mancat pe paine, care e micul dejun si care cina? O dilema grea pentru un partid care se autodevoreaza de 20 de ani. Scurta istorie PCR: Partidul s-a infiintat in 1921, cu 90 de ani in urma. Dupa ce si-a autedovorat in\u2026","rel":"","context":"\u00cen \u201eOpinie\u201d","block_context":{"text":"Opinie","link":"https:\/\/wansait.com\/nicuilie\/category\/opinie\/"},"img":{"alt_text":"","src":"","width":0,"height":0},"classes":[]},{"id":1197,"url":"https:\/\/wansait.com\/nicuilie\/raspuns-final-don-quijote-nu-era-chel\/","url_meta":{"origin":2776,"position":4},"title":"Raspuns final: Don Quijote nu era chel","author":"Nicu Ilie","date":"octombrie 8, 2010","format":false,"excerpt":"Traian Basescu a retrimis legea pensiilor in Parlament. A gasit un motiv oarecare (cerand ca femeile sa fie pensionate mai devreme) si a refuzat cu eleganta disputa pe fondul dorit de opozitie: modul cum a fost votata legea. Astfel, legea nu e promulgata, fiind trimisa in Legislativ de unde, daca\u2026","rel":"","context":"\u00cen \u201eOpinie\u201d","block_context":{"text":"Opinie","link":"https:\/\/wansait.com\/nicuilie\/category\/opinie\/"},"img":{"alt_text":"","src":"","width":0,"height":0},"classes":[]},{"id":1477,"url":"https:\/\/wansait.com\/nicuilie\/incredibila-combatere-a-coruptiei-cu-corupti\/","url_meta":{"origin":2776,"position":5},"title":"Incredibila combatere a coruptiei cu corupti","author":"Nicu Ilie","date":"mai 17, 2011","format":false,"excerpt":"Inca mai cred ca pentru Traian Basescu si pentru unii din PDL (nu m-as risca sa nominalizez pe cineva din vechiul BPN; o zic doar pe Monica Macovei sa fiu pe teren sigur) combaterea coruptiei este o prioritate si un principiu. Numai ca, in numele acestui deziderat, partidul s-a umplut\u2026","rel":"","context":"\u00cen \u201ePoliticlinica\u201d","block_context":{"text":"Politiclinica","link":"https:\/\/wansait.com\/nicuilie\/category\/politica\/"},"img":{"alt_text":"","src":"https:\/\/i0.wp.com\/nicuilie.regionis.info\/wp-content\/uploads\/2011\/05\/tbasescu.jpg?resize=350%2C200","width":350,"height":200},"classes":[]}],"jetpack_likes_enabled":true,"_links":{"self":[{"href":"https:\/\/wansait.com\/nicuilie\/wp-json\/wp\/v2\/posts\/2776","targetHints":{"allow":["GET"]}}],"collection":[{"href":"https:\/\/wansait.com\/nicuilie\/wp-json\/wp\/v2\/posts"}],"about":[{"href":"https:\/\/wansait.com\/nicuilie\/wp-json\/wp\/v2\/types\/post"}],"author":[{"embeddable":true,"href":"https:\/\/wansait.com\/nicuilie\/wp-json\/wp\/v2\/users\/1"}],"replies":[{"embeddable":true,"href":"https:\/\/wansait.com\/nicuilie\/wp-json\/wp\/v2\/comments?post=2776"}],"version-history":[{"count":1,"href":"https:\/\/wansait.com\/nicuilie\/wp-json\/wp\/v2\/posts\/2776\/revisions"}],"predecessor-version":[{"id":2777,"href":"https:\/\/wansait.com\/nicuilie\/wp-json\/wp\/v2\/posts\/2776\/revisions\/2777"}],"wp:attachment":[{"href":"https:\/\/wansait.com\/nicuilie\/wp-json\/wp\/v2\/media?parent=2776"}],"wp:term":[{"taxonomy":"category","embeddable":true,"href":"https:\/\/wansait.com\/nicuilie\/wp-json\/wp\/v2\/categories?post=2776"},{"taxonomy":"post_tag","embeddable":true,"href":"https:\/\/wansait.com\/nicuilie\/wp-json\/wp\/v2\/tags?post=2776"}],"curies":[{"name":"wp","href":"https:\/\/api.w.org\/{rel}","templated":true}]}}