{"id":2107,"date":"2007-09-04T16:54:00","date_gmt":"2007-09-04T13:54:00","guid":{"rendered":"http:\/\/info.nicuilie.eu\/?p=1014"},"modified":"2007-09-04T16:54:00","modified_gmt":"2007-09-04T13:54:00","slug":"cine-pe-cine-spovedeste","status":"publish","type":"post","link":"https:\/\/wansait.com\/nicuilie\/cine-pe-cine-spovedeste\/","title":{"rendered":"Cine pe cine spovedeste?"},"content":{"rendered":"<p>Mircea Dinescu se imbraca de ani de zile in negru, dar nu-mi facea impresia ca vrea sa fie popa. Nici ceilalti din CNSAS nu prea au aliura de sutana. Poate, unii, de rochite, dar nu de sutane.<\/p>\n<p>Cand se iau de zona politica, da, sunt in dreptul lor sa o faca. Pentru asta au fost creati. Dar biserica e gresit asimilata statului. Seful bisericii nu are nici o treaba cu statul roman (iar preotii au avut inteligenta dupa 1990 sa interzica orice gen de agitatie politica in biserica). BOR si statul roman sunt simpli vecini.<\/p>\n<p>Daca viitorul Patriarh ar fi socotit demnitar al statului, la fel ar trebui considerat si Papa, si seful rabin, si Bivolaru. In realitate, dupa mai mult de o mie de ani, am obtinut separarea credintei de stat, a oricarei credinte, legitime sau mai putin legitime. Bisericile si-au scos nasul din treburile statului. Atunci cine vrea sa facem pasi inapoi?<\/p>\n<p>Probabil multi preoti, din toate religiile acceptate de comunisti, au colaborat intr-un fel sau altul cu securitatea. Securistii asta spun si repeta. Dar poate ca preotii s-au spovedit. Poate au obtinut iertarea. E o treaba interna a bisericii.<\/p>\n<p>Poate s-au spovedit de unii singuri. E treaba lor si a lui Dumnezeu.<\/p>\n<p>Sigur, BOR ar trebui sa fie prima institutie care sa aiba grija de imaginea proprie si sa vina sa demonteze sau sa faca precizari credibile in acest domeniu. Daca nu o face, risca sa-si piarda credibilitatea. Risca sa-si piarda adeptii. Dar majoritatii credinciosilor habotnici (exista un nou val de habotnicie in multe regiuni ale tarii) nu pare sa-i pese de speculatiile securiste.  Chiar daca ar fi sa-si piarda din cauza asta toti credinciosii, colaborationismul e o treaba exclusiv interna a BOR. CNSAS e un intrus.<\/p>\n<p>Ca sa nu mai vorbesc de mizeria teribila a colportarii zvonurilor, informatiilor si calomniilor securiste al caror dirijor a ajuns CNSAS.<\/p>\n<p>In alta ordine de idei: daca au dat cu ciocul la Securitate nu cred ca preotii au fost cei care s-au dus acolo sa se ofere voluntari. Au fost stransi de coaie sa o faca. Iar acum, in timp ce generalii de securitate si fostii directori de inchisoare incaseaza cele mai mari pensii din tara,  ar fi penibil sa-i scoatem drept mari inchizitori pe preotii ortodoxi. Securistii reali sunt in alte parti iar mentalitatea securista e la CNSAS, nu in altare.<\/p>\n","protected":false},"excerpt":{"rendered":"<p>Mircea Dinescu se imbraca de ani de zile in negru, dar nu-mi facea impresia ca vrea sa fie popa. Nici ceilalti din CNSAS nu prea au aliura de sutana. Poate, unii, de rochite, dar nu de sutane. Cand se iau de zona politica, da, sunt in dreptul lor sa o faca. Pentru asta au fost creati. Dar biserica e gresit [&hellip;]<\/p>\n","protected":false},"author":2,"featured_media":0,"comment_status":"open","ping_status":"open","sticky":false,"template":"","format":"standard","meta":{"_monsterinsights_skip_tracking":false,"_monsterinsights_sitenote_active":false,"_monsterinsights_sitenote_note":"","_monsterinsights_sitenote_category":0,"advanced_seo_description":"","jetpack_seo_html_title":"","jetpack_seo_noindex":false,"_jetpack_memberships_contains_paid_content":false,"footnotes":""},"categories":[9],"tags":[],"class_list":["post-2107","post","type-post","status-publish","format-standard","hentry","category-opinie"],"jetpack_featured_media_url":"","jetpack_sharing_enabled":true,"jetpack_shortlink":"https:\/\/wp.me\/pa83eN-xZ","jetpack-related-posts":[{"id":194,"url":"https:\/\/wansait.com\/nicuilie\/ghimpele-de-hunedoara-titlurile-saptamanii\/","url_meta":{"origin":2107,"position":0},"title":"Ghimpele de Hunedoara, titlurile saptamanii","author":"Nicu Ilie","date":"septembrie 27, 2008","format":false,"excerpt":"Editorial ::: \u00bb O liniste care tulbura! MOTO: RECESIUNE - Declin general al nivelului activitatii economice si de crestere economica, caracterizat prin somaj, devalorizare, inflatie, scadere a nivelului de trai! CFR-ul a batut Roma, Steaua a scapat doar cu un gol primit de la nemti, romanii comenteaza, analistii isi dau\u2026","rel":"","context":"\u00cen \u201eRecomandari\u201d","block_context":{"text":"Recomandari","link":"https:\/\/wansait.com\/nicuilie\/category\/recomandari\/"},"img":{"alt_text":"","src":"","width":0,"height":0},"classes":[]},{"id":2104,"url":"https:\/\/wansait.com\/nicuilie\/manastirea-turnu\/","url_meta":{"origin":2107,"position":1},"title":"Manastirea Turnu","author":"Nicu Ilie","date":"iulie 12, 2007","format":false,"excerpt":"Mai putin de un kilometru desparte manastirea Turnu de Cozia, dar distanta, care include si latimea Oltului, este suficienta pentru a crea un val de ignoranta si uitare. Asta in ciuda faptului ca, din punctul de vedere al activitatii monahale, Turnu este o manastire deosebit de activa. A fost infiintata\u2026","rel":"","context":"\u00cen \u201eReportaj\u201d","block_context":{"text":"Reportaj","link":"https:\/\/wansait.com\/nicuilie\/category\/reportaj\/"},"img":{"alt_text":"","src":"","width":0,"height":0},"classes":[]},{"id":3363,"url":"https:\/\/wansait.com\/nicuilie\/parerea-mea-despre-candidatii-la-prezidentiale\/","url_meta":{"origin":2107,"position":2},"title":"P\u0103rerea mea despre candida\u021bii la preziden\u021biale","author":"Nicu Ilie","date":"noiembrie 19, 2024","format":false,"excerpt":"Am calculat c\u0103 \u00een 57 de ani din ultima sut\u0103 (1925-2024) Rom\u00e2nia a avut ca \u0219ef al statului o persoan\u0103 cu inteligen\u021b\u0103 submedie sau cu grave probleme cognitive sau cu deficit de inteligen\u021b\u0103 social\u0103. Oameni care, dac\u0103 nu \u021binem cont de contextul politic, nu ar fi \u00eendeplinit \u00een niciun caz\u2026","rel":"","context":"\u00cen \u201eOpinie\u201d","block_context":{"text":"Opinie","link":"https:\/\/wansait.com\/nicuilie\/category\/opinie\/"},"img":{"alt_text":"","src":"https:\/\/i0.wp.com\/wansait.com\/nicuilie\/wp-content\/uploads\/2024\/11\/dezbatere_alegeri_prezidentiale_2024.webp?resize=350%2C200&ssl=1","width":350,"height":200,"srcset":"https:\/\/i0.wp.com\/wansait.com\/nicuilie\/wp-content\/uploads\/2024\/11\/dezbatere_alegeri_prezidentiale_2024.webp?resize=350%2C200&ssl=1 1x, https:\/\/i0.wp.com\/wansait.com\/nicuilie\/wp-content\/uploads\/2024\/11\/dezbatere_alegeri_prezidentiale_2024.webp?resize=525%2C300&ssl=1 1.5x, https:\/\/i0.wp.com\/wansait.com\/nicuilie\/wp-content\/uploads\/2024\/11\/dezbatere_alegeri_prezidentiale_2024.webp?resize=700%2C400&ssl=1 2x"},"classes":[]},{"id":485,"url":"https:\/\/wansait.com\/nicuilie\/ghimpele-de-cluj\/","url_meta":{"origin":2107,"position":3},"title":"Ghimpele de Cluj","author":"Nicu Ilie","date":"februarie 23, 2009","format":false,"excerpt":"Site oficial: cluj.ghimpele.ro Parte din reteaua de publicatii Ghimpele, editata de Antena 1 - Trustul de Presa Intact Redactor-sef: C\u00e3lin Mih\u00e3san Tel.: 0744.671.901 Director distributie: Sergiu Suciu e-mail: cluj@ghimpele.ro Director teritoriu: Cristian Ionescu Director editorial: Gabriel Nastase Editori coordonatori: Nicu Ilie, Carmen Corbu, Mugur Istode Adresa central\u00e3: Bd. Ficusului nr.\u2026","rel":"","context":"\u00cen \u201eGhidul presei\u201d","block_context":{"text":"Ghidul presei","link":"https:\/\/wansait.com\/nicuilie\/category\/media\/"},"img":{"alt_text":"","src":"","width":0,"height":0},"classes":[]},{"id":187,"url":"https:\/\/wansait.com\/nicuilie\/ghimpele-de-iasi-no-45\/","url_meta":{"origin":2107,"position":4},"title":"Ghimpele de Iasi, no 45","author":"Nicu Ilie","date":"septembrie 27, 2008","format":false,"excerpt":"Saptamanareala ::: \u00bb Legea Sexului in Grup asteapta pe masa consiliului local Saptamanareala ::: \u00bb Primarii sinistri si sinistrati penali Saptamanareala ::: \u00bb E-ON Gaz, etc. \u2013 incompetenti cu aere Roba de cititor ::: Articol cu titlu acuzator: \u00bb Justitia si primaria pangaresc biserica \u201eSfinsii Voievozi\u201c din Cristesti Comisarul moldovean,\u2026","rel":"","context":"\u00cen \u201eRecomandari\u201d","block_context":{"text":"Recomandari","link":"https:\/\/wansait.com\/nicuilie\/category\/recomandari\/"},"img":{"alt_text":"","src":"","width":0,"height":0},"classes":[]},{"id":1439,"url":"https:\/\/wansait.com\/nicuilie\/cimitirul-bellu-un-non-stop-cu-autoservire-pentru-hotii-de-arta\/","url_meta":{"origin":2107,"position":5},"title":"Cimitirul Bellu &#8211; un non-stop cu autoservire pentru hotii de arta","author":"Nicu Ilie","date":"aprilie 29, 2011","format":false,"excerpt":"O inventariere facuta in urma cu cativa ani indica un numar minim de 250 de opere de arta de mare valoare incluse in monumentele funerare din cimitirul Bellu. Era insa doar o mica parte din vechiul patrimoniu al cimitirului, cea mai mare parte a operelor de arta fiind deja furate.\u2026","rel":"","context":"\u00cen \u201ePe_deasupra\u201d","block_context":{"text":"Pe_deasupra","link":"https:\/\/wansait.com\/nicuilie\/category\/pe_deasupra\/"},"img":{"alt_text":"","src":"https:\/\/i0.wp.com\/nicuilie.regionis.info\/wp-content\/uploads\/2011\/04\/bellu-opere.jpg?resize=350%2C200","width":350,"height":200},"classes":[]}],"jetpack_likes_enabled":true,"_links":{"self":[{"href":"https:\/\/wansait.com\/nicuilie\/wp-json\/wp\/v2\/posts\/2107","targetHints":{"allow":["GET"]}}],"collection":[{"href":"https:\/\/wansait.com\/nicuilie\/wp-json\/wp\/v2\/posts"}],"about":[{"href":"https:\/\/wansait.com\/nicuilie\/wp-json\/wp\/v2\/types\/post"}],"author":[{"embeddable":true,"href":"https:\/\/wansait.com\/nicuilie\/wp-json\/wp\/v2\/users\/2"}],"replies":[{"embeddable":true,"href":"https:\/\/wansait.com\/nicuilie\/wp-json\/wp\/v2\/comments?post=2107"}],"version-history":[{"count":0,"href":"https:\/\/wansait.com\/nicuilie\/wp-json\/wp\/v2\/posts\/2107\/revisions"}],"wp:attachment":[{"href":"https:\/\/wansait.com\/nicuilie\/wp-json\/wp\/v2\/media?parent=2107"}],"wp:term":[{"taxonomy":"category","embeddable":true,"href":"https:\/\/wansait.com\/nicuilie\/wp-json\/wp\/v2\/categories?post=2107"},{"taxonomy":"post_tag","embeddable":true,"href":"https:\/\/wansait.com\/nicuilie\/wp-json\/wp\/v2\/tags?post=2107"}],"curies":[{"name":"wp","href":"https:\/\/api.w.org\/{rel}","templated":true}]}}