{"id":1544,"date":"2011-07-26T15:14:19","date_gmt":"2011-07-26T13:14:19","guid":{"rendered":"http:\/\/blog.nicuilie.eu\/?p=1544"},"modified":"2011-07-26T15:14:19","modified_gmt":"2011-07-26T13:14:19","slug":"care-te-simti-tezaur-viu-ridica-doua-degete","status":"publish","type":"post","link":"https:\/\/wansait.com\/nicuilie\/care-te-simti-tezaur-viu-ridica-doua-degete\/","title":{"rendered":"Care te simti Tezaur Viu ridica doua degete!"},"content":{"rendered":"<p>Probabil oamenii astia sunt bine intentionati si posibil ca lucrurile doar sa sune stupid, si sa fie mai putin stupide. Totusi:<\/p>\n<p>Pe siteul Ministerului Culturii se face depunere de dosare pentru obtinerea titlului de Tezaur Uman Viu. Deci &gt; depui dosarul cu ce e (sau ce poate fi) de capul tau &gt; se face o selectie de dosare &gt; din cate inteleg nimeni nu te intreaba de media la bac &gt; lasi dosarul la dospit (ca doar asa merg lucrurile prin ministere) &gt; poti sa mori linistit intre timp, daca te-ai nascut inaintea vreunui razboi &gt; si in cele din urma esti declarat Tezaur Viu Viu, daca n-ai murit, sau Tezaur Viu Declasificat, daca ai facut-o.<\/p>\n<p><a href=\"http:\/\/nicuilie.regionis.info\/wp-content\/uploads\/2011\/07\/tezaurviu.jpg\"><img loading=\"lazy\" decoding=\"async\" data-attachment-id=\"1545\" data-permalink=\"https:\/\/wansait.com\/nicuilie\/care-te-simti-tezaur-viu-ridica-doua-degete\/tezaurviu\/\" data-orig-file=\"https:\/\/wansait.com\/nicuilie\/wp-content\/uploads\/2011\/07\/tezaurviu.jpg\" data-orig-size=\"800,507\" data-comments-opened=\"1\" data-image-meta=\"{&quot;aperture&quot;:&quot;0&quot;,&quot;credit&quot;:&quot;&quot;,&quot;camera&quot;:&quot;&quot;,&quot;caption&quot;:&quot;&quot;,&quot;created_timestamp&quot;:&quot;0&quot;,&quot;copyright&quot;:&quot;&quot;,&quot;focal_length&quot;:&quot;0&quot;,&quot;iso&quot;:&quot;0&quot;,&quot;shutter_speed&quot;:&quot;0&quot;,&quot;title&quot;:&quot;&quot;}\" data-image-title=\"tezaurviu\" data-image-description=\"\" data-image-caption=\"\" data-medium-file=\"https:\/\/wansait.com\/nicuilie\/wp-content\/uploads\/2011\/07\/tezaurviu-300x190.jpg\" data-large-file=\"https:\/\/wansait.com\/nicuilie\/wp-content\/uploads\/2011\/07\/tezaurviu.jpg\" class=\"size-medium wp-image-1545 alignnone\" title=\"tezaurviu\" src=\"http:\/\/nicuilie.regionis.info\/wp-content\/uploads\/2011\/07\/tezaurviu-600x3801.jpg\" alt=\"\" width=\"600\" height=\"380\" \/><\/a><\/p>\n<p>Pe siteul lui Kelemen Hunor (care semneaza cu poza lui fiecare pagina din siteul ministerului) nu spune ce se intampla mai departe cu Tezaurele Umane. Daca primesc ceva fonduri europene sau macar ajutoare. Daca sunt inchise prin depozite sau alte penitenciare (comunistii exact asta au facut cu multe Tezaure Umane). Daca in final esti mai castigat la Tezaurul Viu decat la Romanii au talent sau la X Factor. Daca faptul ca ai fost selectat te face susceptibil de a fi confiscat de rusi. Daca, altminteri, poti folosi expresii de tipul &#8222;colegul meu&#8221; cand vorbesti despre Tezaurul de la Pietroasa.<\/p>\n<p>Va puteti incerca insa norocul si sa trimiteti un dosar frumusel (mai aveti vreo trei zile la dispozitie, dati click pe <a href=\"\u00cen conformitate cu prevederile Legii nr. 26\/2008 privind protejarea patrimoniului cultural imaterial, precum \u015fi cu cele ale Regulamentului de acordare a titlului de TEZAUR UMAN VIU aprobat prin Ordinul nr. 2491 din 27.11.2009, se lanseaz\u0103 cea de-a doua sesiune de depunere a dosarelor de candidatur\u0103 pentru ob\u0163inerea titlului Tezaur Uman Viu.\" target=\"_blank\">link<\/a>) si sa prindeti a doua sesiune de depunere a candidaturilor. Dupa aia, gata, ati intrat pe lista patrimoniului imaterial, adica va puteti evapora oricand, cum o face intreg patrimoniul in Romania&#8230;<\/p>\n","protected":false},"excerpt":{"rendered":"<p>Probabil oamenii astia sunt bine intentionati si posibil ca lucrurile doar sa sune stupid, si sa fie mai putin stupide. Totusi: Pe siteul Ministerului Culturii se face depunere de dosare pentru obtinerea titlului de Tezaur Uman Viu. Deci &gt; depui dosarul cu ce e (sau ce poate fi) de capul tau &gt; se face o selectie de dosare &gt; din [&hellip;]<\/p>\n","protected":false},"author":2,"featured_media":0,"comment_status":"open","ping_status":"open","sticky":false,"template":"","format":"standard","meta":{"_monsterinsights_skip_tracking":false,"_monsterinsights_sitenote_active":false,"_monsterinsights_sitenote_note":"","_monsterinsights_sitenote_category":0,"advanced_seo_description":"","jetpack_seo_html_title":"","jetpack_seo_noindex":false,"_jetpack_memberships_contains_paid_content":false,"footnotes":""},"categories":[10],"tags":[1277,2063,2396,2397,3341,3640,3641,3970],"class_list":["post-1544","post","type-post","status-publish","format-standard","hentry","category-pe_deasupra","tag-dosare","tag-kelemen","tag-ministere","tag-ministerul-culturii","tag-selectie","tag-tezaur","tag-tezaur-uman","tag-x-factor"],"jetpack_featured_media_url":"","jetpack_sharing_enabled":true,"jetpack_shortlink":"https:\/\/wp.me\/pa83eN-oU","jetpack-related-posts":[{"id":2930,"url":"https:\/\/wansait.com\/nicuilie\/o-noua-generatie-a-studiilor-despre-generatii\/","url_meta":{"origin":1544,"position":0},"title":"O nou\u0103 genera\u021bie a studiilor despre genera\u021bii","author":"Nicu Ilie","date":"iunie 5, 2023","format":false,"excerpt":"Acum o sut\u0103 sau o mie de ani, b\u0103tr\u00e2nii erau pu\u021bini, iar locul lor \u00een societate era unul extrem de important. Ei tezaurizau cea mai mare parte a cunoa\u0219terii \u0219i energiei necesare bunului mers al societ\u0103\u021bii. Totodat\u0103, ei reprezentau un important model de succes: b\u0103tuser\u0103 moartea \u00een condi\u021biile \u00een care\u2026","rel":"","context":"\u00cen \u201eDosar\u201d","block_context":{"text":"Dosar","link":"https:\/\/wansait.com\/nicuilie\/category\/dosar\/"},"img":{"alt_text":"a farmer standing by a fruit stand","src":"https:\/\/i0.wp.com\/wansait.com\/nicuilie\/wp-content\/uploads\/2023\/04\/pexels-photo-8540213.jpeg?resize=350%2C200&ssl=1","width":350,"height":200,"srcset":"https:\/\/i0.wp.com\/wansait.com\/nicuilie\/wp-content\/uploads\/2023\/04\/pexels-photo-8540213.jpeg?resize=350%2C200&ssl=1 1x, https:\/\/i0.wp.com\/wansait.com\/nicuilie\/wp-content\/uploads\/2023\/04\/pexels-photo-8540213.jpeg?resize=525%2C300&ssl=1 1.5x, https:\/\/i0.wp.com\/wansait.com\/nicuilie\/wp-content\/uploads\/2023\/04\/pexels-photo-8540213.jpeg?resize=700%2C400&ssl=1 2x, https:\/\/i0.wp.com\/wansait.com\/nicuilie\/wp-content\/uploads\/2023\/04\/pexels-photo-8540213.jpeg?resize=1050%2C600&ssl=1 3x, https:\/\/i0.wp.com\/wansait.com\/nicuilie\/wp-content\/uploads\/2023\/04\/pexels-photo-8540213.jpeg?resize=1400%2C800&ssl=1 4x"},"classes":[]},{"id":774,"url":"https:\/\/wansait.com\/nicuilie\/huminternetul-sau-despre-cum-e-cu-putinta-ceva-vechi\/","url_meta":{"origin":1544,"position":1},"title":"Huminternetul sau Despre cum e cu putinta ceva vechi","author":"Nicu Ilie","date":"septembrie 29, 2009","format":false,"excerpt":"articol publicat in revista Cultura, in dosarul Internet pentru literatura.02. Vezi si blogul revistei Tema dosarului este modul in care literatura poate coabita cu internetul, ce are de facut, ce dificultati si oportunitati pentru piata de carte au aparut in contextul noilor tehnologii. Unu la mana: literatura poate fi servita\u2026","rel":"","context":"\u00cen \u201eEseu\u201d","block_context":{"text":"Eseu","link":"https:\/\/wansait.com\/nicuilie\/category\/eseu\/"},"img":{"alt_text":"","src":"","width":0,"height":0},"classes":[]},{"id":825,"url":"https:\/\/wansait.com\/nicuilie\/zece-motive-pentru-a-nu-vota-crin-antonescu\/","url_meta":{"origin":1544,"position":2},"title":"Zece motive pentru a nu vota Crin Antonescu","author":"Nicu Ilie","date":"octombrie 19, 2009","format":false,"excerpt":"Netam-nesam m-am trezit cu publicitate electorala de la Crin Antonescu pe site. Evident ca daca as avea controlul asupra acestei publicitati, in niciun caz nu ar aparea asemenea benere pe blogul meu, intrucat cred ca Antonescu e luzarul absolut si n-as pune pe nimeni sa-si iroseasca votul pe el. Cum\u2026","rel":"","context":"\u00cen \u201eSpun NU\u201d","block_context":{"text":"Spun NU","link":"https:\/\/wansait.com\/nicuilie\/category\/pamflet\/"},"img":{"alt_text":"","src":"","width":0,"height":0},"classes":[]},{"id":187,"url":"https:\/\/wansait.com\/nicuilie\/ghimpele-de-iasi-no-45\/","url_meta":{"origin":1544,"position":3},"title":"Ghimpele de Iasi, no 45","author":"Nicu Ilie","date":"septembrie 27, 2008","format":false,"excerpt":"Saptamanareala ::: \u00bb Legea Sexului in Grup asteapta pe masa consiliului local Saptamanareala ::: \u00bb Primarii sinistri si sinistrati penali Saptamanareala ::: \u00bb E-ON Gaz, etc. \u2013 incompetenti cu aere Roba de cititor ::: Articol cu titlu acuzator: \u00bb Justitia si primaria pangaresc biserica \u201eSfinsii Voievozi\u201c din Cristesti Comisarul moldovean,\u2026","rel":"","context":"\u00cen \u201eRecomandari\u201d","block_context":{"text":"Recomandari","link":"https:\/\/wansait.com\/nicuilie\/category\/recomandari\/"},"img":{"alt_text":"","src":"","width":0,"height":0},"classes":[]},{"id":2833,"url":"https:\/\/wansait.com\/nicuilie\/infografii-cifre-cu-subiect-si-predicat-in-revista-cultura\/","url_meta":{"origin":1544,"position":4},"title":"Infografii &#8211; Cifre cu subiect \u0219i predicat \u00een revista Cultura","author":"Nicu Ilie","date":"iunie 10, 2022","format":false,"excerpt":"Am relansat la Cultura sec\u021biunea de infografii sub un nou titlu generic. \u201eCifre cu subiect \u0219i predicat\u201d a fost ini\u021bial un subtitlu \u00eentr-un dosar despre serviciile publice din domeniul medical, a\u0219a cum erau ele la \u00eenceputul pandemiei. De fapt, o sec\u021biune destul de dezvoltat\u0103 a dosarului, care a fost publicat\u0103\u2026","rel":"","context":"\u00cen \u201eArta grafica\u201d","block_context":{"text":"Arta grafica","link":"https:\/\/wansait.com\/nicuilie\/category\/multilateralitate\/"},"img":{"alt_text":"","src":"https:\/\/i0.wp.com\/wansait.com\/nicuilie\/wp-content\/uploads\/2022\/06\/harta-muzeelor.jpg?resize=350%2C200&ssl=1","width":350,"height":200,"srcset":"https:\/\/i0.wp.com\/wansait.com\/nicuilie\/wp-content\/uploads\/2022\/06\/harta-muzeelor.jpg?resize=350%2C200&ssl=1 1x, https:\/\/i0.wp.com\/wansait.com\/nicuilie\/wp-content\/uploads\/2022\/06\/harta-muzeelor.jpg?resize=525%2C300&ssl=1 1.5x, https:\/\/i0.wp.com\/wansait.com\/nicuilie\/wp-content\/uploads\/2022\/06\/harta-muzeelor.jpg?resize=700%2C400&ssl=1 2x, https:\/\/i0.wp.com\/wansait.com\/nicuilie\/wp-content\/uploads\/2022\/06\/harta-muzeelor.jpg?resize=1050%2C600&ssl=1 3x"},"classes":[]},{"id":1723,"url":"https:\/\/wansait.com\/nicuilie\/va-e-teama-de-avion-ep-4-cand-sinucigasii-acapareaza-navele\/","url_meta":{"origin":1544,"position":5},"title":"Atentate teroriste contra avioanelor in SUA (deturnari)","author":"Nicu Ilie","date":"august 16, 2007","format":false,"excerpt":"1962, 22 mai \u2013 Statele Unite, Missouri Un Boeing Continental a cazut dupa ce o bomba sinucigasa a explodat in interiorul acestuia. Toti cei 45 de oameni aflati la bord au pierit. 1964, 7 mai \u2013 Statele Unite, California Un avion Pacific Airlines a cazut, atunci cand un sinucigas a\u2026","rel":"","context":"\u00cen \u201eDosar\u201d","block_context":{"text":"Dosar","link":"https:\/\/wansait.com\/nicuilie\/category\/dosar\/"},"img":{"alt_text":"","src":"","width":0,"height":0},"classes":[]}],"jetpack_likes_enabled":true,"_links":{"self":[{"href":"https:\/\/wansait.com\/nicuilie\/wp-json\/wp\/v2\/posts\/1544","targetHints":{"allow":["GET"]}}],"collection":[{"href":"https:\/\/wansait.com\/nicuilie\/wp-json\/wp\/v2\/posts"}],"about":[{"href":"https:\/\/wansait.com\/nicuilie\/wp-json\/wp\/v2\/types\/post"}],"author":[{"embeddable":true,"href":"https:\/\/wansait.com\/nicuilie\/wp-json\/wp\/v2\/users\/2"}],"replies":[{"embeddable":true,"href":"https:\/\/wansait.com\/nicuilie\/wp-json\/wp\/v2\/comments?post=1544"}],"version-history":[{"count":0,"href":"https:\/\/wansait.com\/nicuilie\/wp-json\/wp\/v2\/posts\/1544\/revisions"}],"wp:attachment":[{"href":"https:\/\/wansait.com\/nicuilie\/wp-json\/wp\/v2\/media?parent=1544"}],"wp:term":[{"taxonomy":"category","embeddable":true,"href":"https:\/\/wansait.com\/nicuilie\/wp-json\/wp\/v2\/categories?post=1544"},{"taxonomy":"post_tag","embeddable":true,"href":"https:\/\/wansait.com\/nicuilie\/wp-json\/wp\/v2\/tags?post=1544"}],"curies":[{"name":"wp","href":"https:\/\/api.w.org\/{rel}","templated":true}]}}