{"id":15,"date":"2008-06-08T04:46:35","date_gmt":"2008-06-08T01:46:35","guid":{"rendered":"http:\/\/blog.nicuilie.eu\/?p=15"},"modified":"2008-06-08T04:46:35","modified_gmt":"2008-06-08T01:46:35","slug":"prin-cenusa-imperiilor","status":"publish","type":"post","link":"https:\/\/wansait.com\/nicuilie\/prin-cenusa-imperiilor\/","title":{"rendered":"Prin cenusa imperiilor"},"content":{"rendered":"<p>R<a href=\"http:\/\/revistacultura.ro\/\" target=\"_blank\">evista Cultura<\/a> va publica in numarul viitor un dosar despre imperialism si raportul acestui concept cu lumea moderna. Intrucat am avut un oarecare rol in alegerea acestei teme de dezbatere, mi s-a solicitat si mie un raspuns. Ma asteptam sa fie dificil, pentru ca este atata istorie, atata propoaganda si atat moloz ideologic incat punctele de privire pot fi nelimitate &#8211; iar realitatile sunt sensibile. Marea problema era aceea ca &#8211; in doar 5000 de semne &#8211; sa spui ce conteaza, ce impact are si sa nu fii reductionist. Sunt cateva carti clasice care trateaza chestiunea, toate de mai multe sute de pagini, dar si ele s-au simtit nevoite (sau si-au creat nevoia) sa fie reductioniste. Si eu am fost reductionist si profit de acest blog pentru a face unele completari si precizari.<\/p>\n<p>Imperialismul e un concept comunist, legat cel mai puternic de Lenin si Trotchi. Prin ei a diseminat in tot blocul socialist si a starnit ceva replici si in sfera socialismului occidental, anticolonialist. Termenul era folosit pentru a desemna toate realitatile legate de comertul international, interdependenta politica si economica, pozitia unor state de a fi mai independente decat alte state independente, exportul de moduri de viata si cel al modelelor culturale. Facand trimitere la un etalon de putere discretionara &#8211; imperiul &#8211; termenul era mult mai puternic decat alti posibili substituti ai sai, precum colonialism si globalizare, pe care ii si inlocuieste la adversarii curentelor transnationale. Astfel, chiar daca multi dintre autori vorbesc strict de realitati coloniale sau postcoloniale, ei folosesc \u201cimperialism\u201d pentru ca li se pare mai repulsiv.<\/p>\n<p>Actualitatea termenului pare sa fie intr-un plin proces de adaptare: manifestantii care ies in strada pentru a obstructiona diverse reuniuni mondiale protesteaza azi impotriva globalizarii. Distingem asadar trei abordari radicale (care corespund in parte si unor faze istorice) ale fenomenului transnational si ale impactului sau in diferite modele politice: imperialism, colonialism si globalizm.<\/p>\n<p>In primul rand imperialismul. Nici unul dintre autorii care trateaza tema nu pune accent pe Roma antica sau pe Egiptul faraonic, ci pe era industriala. Fenomenul intereseaza asadar din epoca in care a devenit mondial, pe de o parte, iar pe de alta parte din perioada cand a capatat un termen de opozitie, acela de stat national si suveran.<\/p>\n<p>In raspunsul dat pentru revista Cultura concluzionam, urmandu-l pe Eric Wolf, ca imperialismul este modalitatea prin care statele se implica efectiv, cu structura statala, in activitatea economica si politica a altor state, dominate sau colonii. \u201cEconomia cu steag\u201d, spune Wolf, \u201cRespublica in machina\u201d am spus eu pentru a accentua o anume imanenta a fenomenului trans-etatist. Pe de alta parte &#8211; si modelul care i se opune, cel de stat national &#8211; are, sau avea pe timpul lui Lenin si al succesorilor lui, aceeasi imanenta, poate una mult mai mare, a statului in treburile economice. Comunismul pur si simplu asta a fost. Si aici vorbesc doar la nivel teoretic, asa cum se vede din diversele studii programatice: realitatea a fost mult mai dura.<\/p>\n<p>Imperialismul e definit astfel ca \u201cstatul care contureaza ecoonomia\u201d numai pentru a-l separa de globalizare. In fenomenul condamnat azi prin diverse piete din lume sunt contestate \u201ctransnationalele\u201d, companiile care au ajuns mai puternice si mai organizate decat unele dintre state. Imaginati-va o lume in care exista 1000 de Companii ale Indiilor de Est. Daca asta ar fi lumea de azi, prin paralela, protestatarii n-ar avea nimic azi cu imperiul britanic, ci doar cu mia de guvernatori-viceregi care conduc aceste industrii.<\/p>\n<p>voi reveni<\/p>\n","protected":false},"excerpt":{"rendered":"<p>Imperialismul e un concept comunist, legat cel mai puternic de Lenin si Trotchi. Prin ei a diseminat in tot blocul socialist si a starnit ceva replici si in sfera socialismului occidental, anticolonialist. Termenul era folosit pentru a desemna toate realitatile legate de comertul international, interdependenta politica si economica, pozitia unor state de a fi mai independente decat alte state independente, exportul de moduri de viata si cel al modelelor culturale. Facand trimitere la un etalon de putere discretionara &#8211; imperiul &#8211; termenul era mult mai puternic decat alti posibili substituti ai sai, precum colonialism si globalizare, pe care ii si inlocuieste la adversarii curentelor transnationale. Astfel, chiar daca multi dintre autori vorbesc strict de realitati coloniale sau postcoloniale, ei folosesc \u201cimperialism\u201d pentru ca li se pare mai repulsiv.<\/p>\n","protected":false},"author":2,"featured_media":0,"comment_status":"open","ping_status":"open","sticky":false,"template":"","format":"standard","meta":{"_monsterinsights_skip_tracking":false,"_monsterinsights_sitenote_active":false,"_monsterinsights_sitenote_note":"","_monsterinsights_sitenote_category":0,"advanced_seo_description":"","jetpack_seo_html_title":"","jetpack_seo_noindex":false,"_jetpack_memberships_contains_paid_content":false,"footnotes":""},"categories":[6],"tags":[],"class_list":["post-15","post","type-post","status-publish","format-standard","hentry","category-eseu"],"jetpack_featured_media_url":"","jetpack_sharing_enabled":true,"jetpack_shortlink":"https:\/\/wp.me\/pa83eN-f","jetpack-related-posts":[{"id":46,"url":"https:\/\/wansait.com\/nicuilie\/exportul-de-civilizatie\/","url_meta":{"origin":15,"position":0},"title":"Exportul de civilizatie","author":"Nicu Ilie","date":"iunie 29, 2008","format":false,"excerpt":"Nicu Ilie Incep pentru a cincea oara sa scriu acest text: si nu din vina mea, ci a lui Lenin. El a fost inconsecvent, prost si rau intentionat atunci cand a impus termenul de \u00c3\u00a2\u00e2\u201a\u00ac\u00c5\u00beimperialism\u00c3\u00a2\u00e2\u201a\u00ac\u00c5\u201c. I-a dat prea multe sensuri, a facut trimitere la prea multe realitati incongruente, l-a simplificat,\u2026","rel":"","context":"\u00cen \u201eEseu\u201d","block_context":{"text":"Eseu","link":"https:\/\/wansait.com\/nicuilie\/category\/eseu\/"},"img":{"alt_text":"","src":"","width":0,"height":0},"classes":[]},{"id":1715,"url":"https:\/\/wansait.com\/nicuilie\/tara-cu-de-a-sila-2\/","url_meta":{"origin":15,"position":1},"title":"Republica Moldova, tara cu de-a sila","author":"Nicu Ilie","date":"iulie 13, 2007","format":false,"excerpt":"Hanul lui Manuc se afla in poarta vechii curti domnesti de la Bucuresti, la kilomertrul zero al actualei Romanii. Cladirea are in continuare functii de han, cu restaurante cu specific romanesc si camere de cazare. Este una dintre cele mai indragite cladiri bucurestene desi unii dintre nationalisti o vad cu\u2026","rel":"","context":"\u00cen \u201eDosar\u201d","block_context":{"text":"Dosar","link":"https:\/\/wansait.com\/nicuilie\/category\/dosar\/"},"img":{"alt_text":"","src":"https:\/\/i0.wp.com\/nicuilie.regionis.info\/wp-content\/uploads\/2007\/07\/Szathmary_-_Hanul_lui_Manuc-600x5121.jpg?resize=350%2C200","width":350,"height":200,"srcset":"https:\/\/i0.wp.com\/nicuilie.regionis.info\/wp-content\/uploads\/2007\/07\/Szathmary_-_Hanul_lui_Manuc-600x5121.jpg?resize=350%2C200 1x, https:\/\/i0.wp.com\/nicuilie.regionis.info\/wp-content\/uploads\/2007\/07\/Szathmary_-_Hanul_lui_Manuc-600x5121.jpg?resize=525%2C300 1.5x"},"classes":[]},{"id":1231,"url":"https:\/\/wansait.com\/nicuilie\/letargia-bufnitei-batrane\/","url_meta":{"origin":15,"position":2},"title":"Letargia bufnitei batrane*)**)","author":"Nicu Ilie","date":"decembrie 2, 2010","format":false,"excerpt":"De 50 de ani filosofia a murit sau e cataleptica. Ultimele contributii relevante au fost cele din analiza limbajelor complexe, cu aplicabillitate in cibernetica. Se poate deci spune, fara a fi complet superficiali, ca scopul final al filosofiei a fost aparitia computerelor, indepartarea gandirii de om, externalizarea sa. Dupa anii\u2026","rel":"","context":"\u00cen \u201eEseu\u201d","block_context":{"text":"Eseu","link":"https:\/\/wansait.com\/nicuilie\/category\/eseu\/"},"img":{"alt_text":"","src":"","width":0,"height":0},"classes":[]},{"id":203,"url":"https:\/\/wansait.com\/nicuilie\/cine-a-pus-punctul-pe-pensie\/","url_meta":{"origin":15,"position":3},"title":"Cine-a pus punctul pe pensie","author":"Nicu Ilie","date":"septembrie 27, 2008","format":false,"excerpt":"Sa fi fost Tari, sa fi fost Moli? E Iliescu. Si nu ca ar fi direct interesat... Tot el i-a pus la punct si pe gionii astia de la psd cu campania lor lansata americaneste, imperialist. \"Sa nu cheltuiti prea multi bani in campanie\", le-a zis mosul, \"ca asa va\u2026","rel":"","context":"\u00cen \u201ePe_deasupra\u201d","block_context":{"text":"Pe_deasupra","link":"https:\/\/wansait.com\/nicuilie\/category\/pe_deasupra\/"},"img":{"alt_text":"","src":"","width":0,"height":0},"classes":[]},{"id":3427,"url":"https:\/\/wansait.com\/nicuilie\/confiscarea-conceptelor-in-discursul-politic-o-analiza-semantica-in-romana-si-engleza\/","url_meta":{"origin":15,"position":4},"title":"Confiscarea conceptelor \u00een discursul politic: o analiz\u0103 a termenilor care descriu fenomenul \u00een rom\u00e2n\u0103 \u0219i englez\u0103","author":"Nicu Ilie","date":"mai 16, 2025","format":false,"excerpt":"Fenomenul prin care o mi\u0219care politic\u0103 \u00ee\u0219i \u00eensu\u0219e\u0219te un concept, \u00eei atribuie o semnifica\u021bie specific\u0103, aliniat\u0103 cu ideologia proprie, \u0219i ac\u021bioneaz\u0103 ca \u0219i cum ar de\u021bine drepturi exclusive asupra definirii \u0219i interpret\u0103rii acelui concept reprezint\u0103 o strategie semnificativ\u0103 \u00een dinamica discursului politic. Aceast\u0103 ac\u021biune dep\u0103\u0219e\u0219te simpla utilizare a unui concept;\u2026","rel":"","context":"\u00cen \u201ePoliticlinica\u201d","block_context":{"text":"Politiclinica","link":"https:\/\/wansait.com\/nicuilie\/category\/politica\/"},"img":{"alt_text":"","src":"https:\/\/i0.wp.com\/wansait.com\/nicuilie\/wp-content\/uploads\/2024\/08\/Peisaj-de-vara-Panta-Rhei.webp?resize=350%2C200&ssl=1","width":350,"height":200,"srcset":"https:\/\/i0.wp.com\/wansait.com\/nicuilie\/wp-content\/uploads\/2024\/08\/Peisaj-de-vara-Panta-Rhei.webp?resize=350%2C200&ssl=1 1x, https:\/\/i0.wp.com\/wansait.com\/nicuilie\/wp-content\/uploads\/2024\/08\/Peisaj-de-vara-Panta-Rhei.webp?resize=525%2C300&ssl=1 1.5x, https:\/\/i0.wp.com\/wansait.com\/nicuilie\/wp-content\/uploads\/2024\/08\/Peisaj-de-vara-Panta-Rhei.webp?resize=700%2C400&ssl=1 2x, https:\/\/i0.wp.com\/wansait.com\/nicuilie\/wp-content\/uploads\/2024\/08\/Peisaj-de-vara-Panta-Rhei.webp?resize=1050%2C600&ssl=1 3x"},"classes":[]},{"id":851,"url":"https:\/\/wansait.com\/nicuilie\/vedete-cu-gura-plina\/","url_meta":{"origin":15,"position":5},"title":"Vedete cu gura plina","author":"Nicu Ilie","date":"octombrie 27, 2009","format":false,"excerpt":"So\u0163ie, buc\u0103t\u0103rie \u015fi farfurie sunt cuvinte care nu rimeaz\u0103 cu \u201esiluet\u0103\u201d. Tocmai de aceea suntem surprin\u015fi c\u00e2nd vedem c\u0103 vedete tv \u015fi personaje cu picioare de invidiat (\u015fi unanim invidiate) au prin buc\u0103t\u0103rie ocupa\u0163ii care ar l\u0103sa-o p\u00e2n\u0103 \u015fi pe Nichita lui Dan Diaconescu cu gura c\u0103scat\u0103. De uimire! Nicu\u2026","rel":"","context":"\u00cen \u201eRecomandari\u201d","block_context":{"text":"Recomandari","link":"https:\/\/wansait.com\/nicuilie\/category\/recomandari\/"},"img":{"alt_text":"ramona badescu","src":"https:\/\/i0.wp.com\/nicuilie.regionis.info\/wp-content\/uploads\/2009\/10\/ramona-badescu.jpg?resize=350%2C200","width":350,"height":200},"classes":[]}],"jetpack_likes_enabled":true,"_links":{"self":[{"href":"https:\/\/wansait.com\/nicuilie\/wp-json\/wp\/v2\/posts\/15","targetHints":{"allow":["GET"]}}],"collection":[{"href":"https:\/\/wansait.com\/nicuilie\/wp-json\/wp\/v2\/posts"}],"about":[{"href":"https:\/\/wansait.com\/nicuilie\/wp-json\/wp\/v2\/types\/post"}],"author":[{"embeddable":true,"href":"https:\/\/wansait.com\/nicuilie\/wp-json\/wp\/v2\/users\/2"}],"replies":[{"embeddable":true,"href":"https:\/\/wansait.com\/nicuilie\/wp-json\/wp\/v2\/comments?post=15"}],"version-history":[{"count":0,"href":"https:\/\/wansait.com\/nicuilie\/wp-json\/wp\/v2\/posts\/15\/revisions"}],"wp:attachment":[{"href":"https:\/\/wansait.com\/nicuilie\/wp-json\/wp\/v2\/media?parent=15"}],"wp:term":[{"taxonomy":"category","embeddable":true,"href":"https:\/\/wansait.com\/nicuilie\/wp-json\/wp\/v2\/categories?post=15"},{"taxonomy":"post_tag","embeddable":true,"href":"https:\/\/wansait.com\/nicuilie\/wp-json\/wp\/v2\/tags?post=15"}],"curies":[{"name":"wp","href":"https:\/\/api.w.org\/{rel}","templated":true}]}}