{"id":13,"date":"2008-06-08T02:01:46","date_gmt":"2008-06-07T23:01:46","guid":{"rendered":"http:\/\/blog.nicuilie.eu\/?p=13"},"modified":"2008-06-08T02:01:46","modified_gmt":"2008-06-07T23:01:46","slug":"test","status":"publish","type":"post","link":"https:\/\/wansait.com\/nicuilie\/test\/","title":{"rendered":"Concluziile primului tur la locale"},"content":{"rendered":"<h3>[display_podcast]<\/h3>\n<p>test<\/p>\n","protected":false},"excerpt":{"rendered":"<p>[display_podcast] test<\/p>\n","protected":false},"author":2,"featured_media":0,"comment_status":"open","ping_status":"open","sticky":false,"template":"","format":"standard","meta":{"_monsterinsights_skip_tracking":false,"_monsterinsights_sitenote_active":false,"_monsterinsights_sitenote_note":"","_monsterinsights_sitenote_category":0,"advanced_seo_description":"","jetpack_seo_html_title":"","jetpack_seo_noindex":false,"_jetpack_memberships_contains_paid_content":false,"footnotes":""},"categories":[12],"tags":[249],"class_list":["post-13","post","type-post","status-publish","format-standard","hentry","category-politica","tag-analiza-alegeri-locale-2008-pld-psd-pnl"],"jetpack_featured_media_url":"","jetpack_sharing_enabled":true,"jetpack_shortlink":"https:\/\/wp.me\/sa83eN-test","jetpack-related-posts":[{"id":324,"url":"https:\/\/wansait.com\/nicuilie\/uninominalul-primul-pas-spre-anticipate\/","url_meta":{"origin":13,"position":0},"title":"Uninominalul, primul pas spre Anticipate","author":"Nicu Ilie","date":"noiembrie 29, 2008","format":false,"excerpt":"Au zapacit chestia asta cu uninominalul de nu mai intelege nimeni nimic din el, nici cine castiga, nici ce. Sondajele sa fac si ele la deruta: nu pe colegii, nu pe candidati reali, pe partide, si doar in 2-3 judete, ca si cum ai testa care sistem de telefomie mobila\u2026","rel":"","context":"\u00cen \u201eOpinie\u201d","block_context":{"text":"Opinie","link":"https:\/\/wansait.com\/nicuilie\/category\/opinie\/"},"img":{"alt_text":"","src":"","width":0,"height":0},"classes":[]},{"id":2212,"url":"https:\/\/wansait.com\/nicuilie\/harta-rosie-e-portocalie-de-fapt-galbena\/","url_meta":{"origin":13,"position":1},"title":"Harta rosie e portocalie, de fapt galbena","author":"Nicu Ilie","date":"iunie 5, 2008","format":false,"excerpt":"Iliescu bate cu pumnul in pieptul paros al lui Mitrea ca ei au castigat localele. Presa coloreaza harti rosii si le tine isonul. Dar PSD, batranul partid-stat, a perdut pana si localurile, pentru ca pana si acolo Base si Videanu sunt mai buni decat Hrebe. Cat despre alegeri, este pentru\u2026","rel":"","context":"\u00cen \u201eOpinie\u201d","block_context":{"text":"Opinie","link":"https:\/\/wansait.com\/nicuilie\/category\/opinie\/"},"img":{"alt_text":"","src":"","width":0,"height":0},"classes":[]},{"id":906,"url":"https:\/\/wansait.com\/nicuilie\/pe-cat-ca-liberalii-vor-intra-la-guvernare\/","url_meta":{"origin":13,"position":2},"title":"Pe cat ca liberalii vor intra la guvernare?","author":"Nicu Ilie","date":"decembrie 14, 2009","format":false,"excerpt":"Echipa de negociatori a PNL este aleasa dintre cei mai radicali opozanti ai lui Basescu, parca pentru a transmite mesajul ca liberalii vor sa negocieze dur si ca optiunea lor de suflet e guvernare cu PSD. Totusi e doar un tertip pentru a zice pas intr-un meci de poker in\u2026","rel":"","context":"\u00cen \u201ePoliticlinica\u201d","block_context":{"text":"Politiclinica","link":"https:\/\/wansait.com\/nicuilie\/category\/politica\/"},"img":{"alt_text":"","src":"","width":0,"height":0},"classes":[]},{"id":3272,"url":"https:\/\/wansait.com\/nicuilie\/cine-si-mai-aminteste-votul-uninominal\/","url_meta":{"origin":13,"position":3},"title":"Cine-\u0219i mai aminte\u0219te votul uninominal?","author":"Nicu Ilie","date":"august 25, 2024","format":false,"excerpt":"Fran\u021ba are \u00een aceast\u0103 perioad\u0103 mari probleme cauzate de votul uninominal. Sistemul de vot francez pentru parlament este \u00een dou\u0103 tururi, similar cu alegerea pre\u0219edintelui \u00een Rom\u00e2nia sau cu alegerile pentru primari p\u00e2n\u0103 de cur\u00e2nd. Dac\u0103 \u00een primul tur exist\u0103 un candidat cu majoritate absolut\u0103 (peste 50%), el ia colegiul\u2026","rel":"","context":"\u00cen \u201ePoliticlinica\u201d","block_context":{"text":"Politiclinica","link":"https:\/\/wansait.com\/nicuilie\/category\/politica\/"},"img":{"alt_text":"","src":"https:\/\/i0.wp.com\/wansait.com\/nicuilie\/wp-content\/uploads\/2024\/08\/Colegii_senatori.svg_.webp?resize=350%2C200&ssl=1","width":350,"height":200},"classes":[]},{"id":338,"url":"https:\/\/wansait.com\/nicuilie\/prima-concluzie\/","url_meta":{"origin":13,"position":4},"title":"Prima concluzie","author":"Nicu Ilie","date":"decembrie 1, 2008","format":false,"excerpt":"Singurul partid care in mod clar a pierdut alegerile este UDMR. Rolul sau de joker a fost luat de liberali, care au masa critica necesara de a inclina balanta viitorului guvern. UDMR are prea putine locuri pentru o politica de balanta, aportul sau nefiind suficient pentru nicio majoritate parlamentara. Carmen\u2026","rel":"","context":"\u00cen \u201ePoliticlinica\u201d","block_context":{"text":"Politiclinica","link":"https:\/\/wansait.com\/nicuilie\/category\/politica\/"},"img":{"alt_text":"","src":"","width":0,"height":0},"classes":[]},{"id":43,"url":"https:\/\/wansait.com\/nicuilie\/politica-de-balanta-a-ajuns-in-cumpana\/","url_meta":{"origin":13,"position":5},"title":"Politica de balanta a ajuns in cumpana","author":"Nicu Ilie","date":"iunie 23, 2008","format":false,"excerpt":"Era un vechi slogan al liberalilor in perioada interbelica, acela ca ei, ca partid, si Romania, ca tara, trebuie sa faca o politica de balanta, sa alterneze cand de o parte, cand de cealalta, pentru a-si atinge obiectivele. Suntem mult prea mici, spunea lozinca, pentru a decide prin noi insine\u2026","rel":"","context":"\u00cen \u201eOpinie\u201d","block_context":{"text":"Opinie","link":"https:\/\/wansait.com\/nicuilie\/category\/opinie\/"},"img":{"alt_text":"","src":"","width":0,"height":0},"classes":[]}],"jetpack_likes_enabled":true,"_links":{"self":[{"href":"https:\/\/wansait.com\/nicuilie\/wp-json\/wp\/v2\/posts\/13","targetHints":{"allow":["GET"]}}],"collection":[{"href":"https:\/\/wansait.com\/nicuilie\/wp-json\/wp\/v2\/posts"}],"about":[{"href":"https:\/\/wansait.com\/nicuilie\/wp-json\/wp\/v2\/types\/post"}],"author":[{"embeddable":true,"href":"https:\/\/wansait.com\/nicuilie\/wp-json\/wp\/v2\/users\/2"}],"replies":[{"embeddable":true,"href":"https:\/\/wansait.com\/nicuilie\/wp-json\/wp\/v2\/comments?post=13"}],"version-history":[{"count":0,"href":"https:\/\/wansait.com\/nicuilie\/wp-json\/wp\/v2\/posts\/13\/revisions"}],"wp:attachment":[{"href":"https:\/\/wansait.com\/nicuilie\/wp-json\/wp\/v2\/media?parent=13"}],"wp:term":[{"taxonomy":"category","embeddable":true,"href":"https:\/\/wansait.com\/nicuilie\/wp-json\/wp\/v2\/categories?post=13"},{"taxonomy":"post_tag","embeddable":true,"href":"https:\/\/wansait.com\/nicuilie\/wp-json\/wp\/v2\/tags?post=13"}],"curies":[{"name":"wp","href":"https:\/\/api.w.org\/{rel}","templated":true}]}}